{"id":26301,"date":"2026-04-28T09:44:22","date_gmt":"2026-04-28T07:44:22","guid":{"rendered":"https:\/\/esf.hr\/esfplus\/?p=26301"},"modified":"2026-04-28T09:44:22","modified_gmt":"2026-04-28T07:44:22","slug":"vazno-obavijest-o-povecanju-sredstava-za-poziv-sirenje-mreze-socijalnih-usluga-za-djecu","status":"publish","type":"post","link":"https:\/\/esf.hr\/esfplus\/vazno-obavijest-o-povecanju-sredstava-za-poziv-sirenje-mreze-socijalnih-usluga-za-djecu\/","title":{"rendered":"VA\u017dNO! Obavijest o pove\u0107anju sredstava za Poziv \u201e\u0160irenje mre\u017ee socijalnih usluga za djecu\u201c"},"content":{"rendered":"<p>Ministarstvo rada, mirovinskoga sustava, obitelji i socijalne politike, kao Posredni\u010dko tijelo razine 1, <strong>pove\u0107alo je<\/strong> financijska sredstva za otvoreni (privremeni) Poziv na dostavu projektnih prijedloga \u201e<strong>\u0160irenje mre\u017ee socijalnih usluga za djecu<\/strong>\u201c.<\/p>\n<p>Sredstva su pove\u0107ana do ukupne vrijednosti projektnih prijedloga koji \u0107e zadovoljiti uvjete za ugovaranje.<\/p>\n<p>Navedenim pove\u0107anjem osigurat \u0107e se sna\u017eniji u\u010dinak na lokalne zajednice, kao i ve\u0107i obuhvat djece i mladih u nepovoljnom polo\u017eaju kojima \u0107e biti pru\u017eene socijalne usluge u zajednici s ciljem pove\u0107anja njihove uklju\u010denosti u dru\u0161tvo.<\/p>\n<p>&nbsp;<\/p>\n","protected":false},"excerpt":{"rendered":"<p>Ministarstvo rada, mirovinskoga sustava, obitelji i socijalne politike, kao Posredni\u010dko tijelo razine 1, pove\u0107alo je financijska sredstva za otvoreni (privremeni) Poziv na dostavu projektnih prijedloga \u201e\u0160irenje mre\u017ee socijalnih usluga za djecu\u201c. Sredstva su pove\u0107ana do ukupne vrijednosti projektnih prijedloga koji \u0107e zadovoljiti uvjete za ugovaranje. Navedenim pove\u0107anjem osigurat \u0107e se sna\u017eniji u\u010dinak na lokalne zajednice, [&hellip;]<\/p>\n","protected":false},"author":1372,"featured_media":25011,"comment_status":"closed","ping_status":"closed","sticky":false,"template":"","format":"standard","meta":{"_monsterinsights_skip_tracking":false,"_monsterinsights_sitenote_active":false,"_monsterinsights_sitenote_note":"","_monsterinsights_sitenote_category":0,"cybocfi_hide_featured_image":""},"categories":[218],"tags":[],"yoast_head":"<!-- This site is optimized with the Yoast SEO plugin v16.8 - https:\/\/yoast.com\/wordpress\/plugins\/seo\/ -->\n<title>VA\u017dNO! Obavijest o pove\u0107anju sredstava za Poziv \u201e\u0160irenje mre\u017ee socijalnih usluga za djecu\u201c - Europski socijalni fond<\/title>\n<meta name=\"robots\" content=\"index, follow, max-snippet:-1, max-image-preview:large, max-video-preview:-1\" \/>\n<link rel=\"canonical\" href=\"https:\/\/esf.hr\/esfplus\/vazno-obavijest-o-povecanju-sredstava-za-poziv-sirenje-mreze-socijalnih-usluga-za-djecu\/\" \/>\n<meta property=\"og:locale\" content=\"en_US\" \/>\n<meta property=\"og:type\" content=\"article\" \/>\n<meta property=\"og:title\" content=\"VA\u017dNO! Obavijest o pove\u0107anju sredstava za Poziv \u201e\u0160irenje mre\u017ee socijalnih usluga za djecu\u201c - Europski socijalni fond\" \/>\n<meta property=\"og:description\" content=\"Ministarstvo rada, mirovinskoga sustava, obitelji i socijalne politike, kao Posredni\u010dko tijelo razine 1, pove\u0107alo je financijska sredstva za otvoreni (privremeni) Poziv na dostavu projektnih prijedloga \u201e\u0160irenje mre\u017ee socijalnih usluga za djecu\u201c. Sredstva su pove\u0107ana do ukupne vrijednosti projektnih prijedloga koji \u0107e zadovoljiti uvjete za ugovaranje. Navedenim pove\u0107anjem osigurat \u0107e se sna\u017eniji u\u010dinak na lokalne zajednice, [&hellip;]\" \/>\n<meta property=\"og:url\" content=\"https:\/\/esf.hr\/esfplus\/vazno-obavijest-o-povecanju-sredstava-za-poziv-sirenje-mreze-socijalnih-usluga-za-djecu\/\" \/>\n<meta property=\"og:site_name\" content=\"Europski socijalni fond\" \/>\n<meta property=\"article:published_time\" content=\"2026-04-28T07:44:22+00:00\" \/>\n<meta property=\"og:image\" content=\"https:\/\/esf.hr\/esfplus\/wp-content\/uploads\/2025\/09\/Snimka-zaslona-2025-09-30-143127.png\" \/>\n\t<meta property=\"og:image:width\" content=\"935\" \/>\n\t<meta property=\"og:image:height\" content=\"624\" \/>\n<meta name=\"twitter:label1\" content=\"Written by\" \/>\n\t<meta name=\"twitter:data1\" content=\"Vlatka Petri\u0107\" \/>\n<script type=\"application\/ld+json\" class=\"yoast-schema-graph\">{\"@context\":\"https:\/\/schema.org\",\"@graph\":[{\"@type\":\"WebSite\",\"@id\":\"https:\/\/esf.hr\/esfplus\/#website\",\"url\":\"https:\/\/esf.hr\/esfplus\/\",\"name\":\"Europski socijalni fond\",\"description\":\"Program U\\u010dinkoviti ljudski potencijali 2021.-2027.\",\"potentialAction\":[{\"@type\":\"SearchAction\",\"target\":{\"@type\":\"EntryPoint\",\"urlTemplate\":\"https:\/\/esf.hr\/esfplus\/?s={search_term_string}\"},\"query-input\":\"required name=search_term_string\"}],\"inLanguage\":\"en-US\"},{\"@type\":\"ImageObject\",\"@id\":\"https:\/\/esf.hr\/esfplus\/vazno-obavijest-o-povecanju-sredstava-za-poziv-sirenje-mreze-socijalnih-usluga-za-djecu\/#primaryimage\",\"inLanguage\":\"en-US\",\"url\":\"https:\/\/esf.hr\/esfplus\/wp-content\/uploads\/2025\/09\/Snimka-zaslona-2025-09-30-143127.png\",\"contentUrl\":\"https:\/\/esf.hr\/esfplus\/wp-content\/uploads\/2025\/09\/Snimka-zaslona-2025-09-30-143127.png\",\"width\":935,\"height\":624},{\"@type\":\"WebPage\",\"@id\":\"https:\/\/esf.hr\/esfplus\/vazno-obavijest-o-povecanju-sredstava-za-poziv-sirenje-mreze-socijalnih-usluga-za-djecu\/#webpage\",\"url\":\"https:\/\/esf.hr\/esfplus\/vazno-obavijest-o-povecanju-sredstava-za-poziv-sirenje-mreze-socijalnih-usluga-za-djecu\/\",\"name\":\"VA\\u017dNO! Obavijest o pove\\u0107anju sredstava za Poziv \\u201e\\u0160irenje mre\\u017ee socijalnih usluga za djecu\\u201c - Europski socijalni fond\",\"isPartOf\":{\"@id\":\"https:\/\/esf.hr\/esfplus\/#website\"},\"primaryImageOfPage\":{\"@id\":\"https:\/\/esf.hr\/esfplus\/vazno-obavijest-o-povecanju-sredstava-za-poziv-sirenje-mreze-socijalnih-usluga-za-djecu\/#primaryimage\"},\"datePublished\":\"2026-04-28T07:44:22+00:00\",\"dateModified\":\"2026-04-28T07:44:22+00:00\",\"author\":{\"@id\":\"https:\/\/esf.hr\/esfplus\/#\/schema\/person\/004c031063b5f0376dabbae898cfb2c2\"},\"breadcrumb\":{\"@id\":\"https:\/\/esf.hr\/esfplus\/vazno-obavijest-o-povecanju-sredstava-za-poziv-sirenje-mreze-socijalnih-usluga-za-djecu\/#breadcrumb\"},\"inLanguage\":\"en-US\",\"potentialAction\":[{\"@type\":\"ReadAction\",\"target\":[\"https:\/\/esf.hr\/esfplus\/vazno-obavijest-o-povecanju-sredstava-za-poziv-sirenje-mreze-socijalnih-usluga-za-djecu\/\"]}]},{\"@type\":\"BreadcrumbList\",\"@id\":\"https:\/\/esf.hr\/esfplus\/vazno-obavijest-o-povecanju-sredstava-za-poziv-sirenje-mreze-socijalnih-usluga-za-djecu\/#breadcrumb\",\"itemListElement\":[{\"@type\":\"ListItem\",\"position\":1,\"name\":\"Naslovna\",\"item\":\"https:\/\/esf.hr\/esfplus\/\"},{\"@type\":\"ListItem\",\"position\":2,\"name\":\"VA\\u017dNO! Obavijest o pove\\u0107anju sredstava za Poziv \\u201e\\u0160irenje mre\\u017ee socijalnih usluga za djecu\\u201c\"}]},{\"@type\":\"Person\",\"@id\":\"https:\/\/esf.hr\/esfplus\/#\/schema\/person\/004c031063b5f0376dabbae898cfb2c2\",\"name\":\"Vlatka Petri\\u0107\",\"image\":{\"@type\":\"ImageObject\",\"@id\":\"https:\/\/esf.hr\/esfplus\/#personlogo\",\"inLanguage\":\"en-US\",\"url\":\"https:\/\/secure.gravatar.com\/avatar\/aa6d892f731abe7a2c9c3dd41790bb14?s=96&d=mm&r=g\",\"contentUrl\":\"https:\/\/secure.gravatar.com\/avatar\/aa6d892f731abe7a2c9c3dd41790bb14?s=96&d=mm&r=g\",\"caption\":\"Vlatka Petri\\u0107\"},\"url\":\"https:\/\/esf.hr\/esfplus\/author\/vlatka-petric\/\"}]}<\/script>\n<!-- \/ Yoast SEO plugin. -->","yoast_head_json":{"title":"VA\u017dNO! Obavijest o pove\u0107anju sredstava za Poziv \u201e\u0160irenje mre\u017ee socijalnih usluga za djecu\u201c - Europski socijalni fond","robots":{"index":"index","follow":"follow","max-snippet":"max-snippet:-1","max-image-preview":"max-image-preview:large","max-video-preview":"max-video-preview:-1"},"canonical":"https:\/\/esf.hr\/esfplus\/vazno-obavijest-o-povecanju-sredstava-za-poziv-sirenje-mreze-socijalnih-usluga-za-djecu\/","og_locale":"en_US","og_type":"article","og_title":"VA\u017dNO! Obavijest o pove\u0107anju sredstava za Poziv \u201e\u0160irenje mre\u017ee socijalnih usluga za djecu\u201c - Europski socijalni fond","og_description":"Ministarstvo rada, mirovinskoga sustava, obitelji i socijalne politike, kao Posredni\u010dko tijelo razine 1, pove\u0107alo je financijska sredstva za otvoreni (privremeni) Poziv na dostavu projektnih prijedloga \u201e\u0160irenje mre\u017ee socijalnih usluga za djecu\u201c. Sredstva su pove\u0107ana do ukupne vrijednosti projektnih prijedloga koji \u0107e zadovoljiti uvjete za ugovaranje. Navedenim pove\u0107anjem osigurat \u0107e se sna\u017eniji u\u010dinak na lokalne zajednice, [&hellip;]","og_url":"https:\/\/esf.hr\/esfplus\/vazno-obavijest-o-povecanju-sredstava-za-poziv-sirenje-mreze-socijalnih-usluga-za-djecu\/","og_site_name":"Europski socijalni fond","article_published_time":"2026-04-28T07:44:22+00:00","og_image":[{"width":935,"height":624,"url":"https:\/\/esf.hr\/esfplus\/wp-content\/uploads\/2025\/09\/Snimka-zaslona-2025-09-30-143127.png","path":"\/home\/esf\/public_html\/esfplus\/wp-content\/uploads\/2025\/09\/Snimka-zaslona-2025-09-30-143127.png","size":"full","id":25011,"alt":"","pixels":583440,"type":"image\/png"}],"twitter_misc":{"Written by":"Vlatka Petri\u0107"},"schema":{"@context":"https:\/\/schema.org","@graph":[{"@type":"WebSite","@id":"https:\/\/esf.hr\/esfplus\/#website","url":"https:\/\/esf.hr\/esfplus\/","name":"Europski socijalni fond","description":"Program U\u010dinkoviti ljudski potencijali 2021.-2027.","potentialAction":[{"@type":"SearchAction","target":{"@type":"EntryPoint","urlTemplate":"https:\/\/esf.hr\/esfplus\/?s={search_term_string}"},"query-input":"required name=search_term_string"}],"inLanguage":"en-US"},{"@type":"ImageObject","@id":"https:\/\/esf.hr\/esfplus\/vazno-obavijest-o-povecanju-sredstava-za-poziv-sirenje-mreze-socijalnih-usluga-za-djecu\/#primaryimage","inLanguage":"en-US","url":"https:\/\/esf.hr\/esfplus\/wp-content\/uploads\/2025\/09\/Snimka-zaslona-2025-09-30-143127.png","contentUrl":"https:\/\/esf.hr\/esfplus\/wp-content\/uploads\/2025\/09\/Snimka-zaslona-2025-09-30-143127.png","width":935,"height":624},{"@type":"WebPage","@id":"https:\/\/esf.hr\/esfplus\/vazno-obavijest-o-povecanju-sredstava-za-poziv-sirenje-mreze-socijalnih-usluga-za-djecu\/#webpage","url":"https:\/\/esf.hr\/esfplus\/vazno-obavijest-o-povecanju-sredstava-za-poziv-sirenje-mreze-socijalnih-usluga-za-djecu\/","name":"VA\u017dNO! Obavijest o pove\u0107anju sredstava za Poziv \u201e\u0160irenje mre\u017ee socijalnih usluga za djecu\u201c - Europski socijalni fond","isPartOf":{"@id":"https:\/\/esf.hr\/esfplus\/#website"},"primaryImageOfPage":{"@id":"https:\/\/esf.hr\/esfplus\/vazno-obavijest-o-povecanju-sredstava-za-poziv-sirenje-mreze-socijalnih-usluga-za-djecu\/#primaryimage"},"datePublished":"2026-04-28T07:44:22+00:00","dateModified":"2026-04-28T07:44:22+00:00","author":{"@id":"https:\/\/esf.hr\/esfplus\/#\/schema\/person\/004c031063b5f0376dabbae898cfb2c2"},"breadcrumb":{"@id":"https:\/\/esf.hr\/esfplus\/vazno-obavijest-o-povecanju-sredstava-za-poziv-sirenje-mreze-socijalnih-usluga-za-djecu\/#breadcrumb"},"inLanguage":"en-US","potentialAction":[{"@type":"ReadAction","target":["https:\/\/esf.hr\/esfplus\/vazno-obavijest-o-povecanju-sredstava-za-poziv-sirenje-mreze-socijalnih-usluga-za-djecu\/"]}]},{"@type":"BreadcrumbList","@id":"https:\/\/esf.hr\/esfplus\/vazno-obavijest-o-povecanju-sredstava-za-poziv-sirenje-mreze-socijalnih-usluga-za-djecu\/#breadcrumb","itemListElement":[{"@type":"ListItem","position":1,"name":"Naslovna","item":"https:\/\/esf.hr\/esfplus\/"},{"@type":"ListItem","position":2,"name":"VA\u017dNO! Obavijest o pove\u0107anju sredstava za Poziv \u201e\u0160irenje mre\u017ee socijalnih usluga za djecu\u201c"}]},{"@type":"Person","@id":"https:\/\/esf.hr\/esfplus\/#\/schema\/person\/004c031063b5f0376dabbae898cfb2c2","name":"Vlatka Petri\u0107","image":{"@type":"ImageObject","@id":"https:\/\/esf.hr\/esfplus\/#personlogo","inLanguage":"en-US","url":"https:\/\/secure.gravatar.com\/avatar\/aa6d892f731abe7a2c9c3dd41790bb14?s=96&d=mm&r=g","contentUrl":"https:\/\/secure.gravatar.com\/avatar\/aa6d892f731abe7a2c9c3dd41790bb14?s=96&d=mm&r=g","caption":"Vlatka Petri\u0107"},"url":"https:\/\/esf.hr\/esfplus\/author\/vlatka-petric\/"}]}},"_links":{"self":[{"href":"https:\/\/esf.hr\/esfplus\/wp-json\/wp\/v2\/posts\/26301"}],"collection":[{"href":"https:\/\/esf.hr\/esfplus\/wp-json\/wp\/v2\/posts"}],"about":[{"href":"https:\/\/esf.hr\/esfplus\/wp-json\/wp\/v2\/types\/post"}],"author":[{"embeddable":true,"href":"https:\/\/esf.hr\/esfplus\/wp-json\/wp\/v2\/users\/1372"}],"replies":[{"embeddable":true,"href":"https:\/\/esf.hr\/esfplus\/wp-json\/wp\/v2\/comments?post=26301"}],"version-history":[{"count":1,"href":"https:\/\/esf.hr\/esfplus\/wp-json\/wp\/v2\/posts\/26301\/revisions"}],"predecessor-version":[{"id":26303,"href":"https:\/\/esf.hr\/esfplus\/wp-json\/wp\/v2\/posts\/26301\/revisions\/26303"}],"wp:featuredmedia":[{"embeddable":true,"href":"https:\/\/esf.hr\/esfplus\/wp-json\/wp\/v2\/media\/25011"}],"wp:attachment":[{"href":"https:\/\/esf.hr\/esfplus\/wp-json\/wp\/v2\/media?parent=26301"}],"wp:term":[{"taxonomy":"category","embeddable":true,"href":"https:\/\/esf.hr\/esfplus\/wp-json\/wp\/v2\/categories?post=26301"},{"taxonomy":"post_tag","embeddable":true,"href":"https:\/\/esf.hr\/esfplus\/wp-json\/wp\/v2\/tags?post=26301"}],"curies":[{"name":"wp","href":"https:\/\/api.w.org\/{rel}","templated":true}]}}