{"id":26056,"date":"2026-03-09T13:35:27","date_gmt":"2026-03-09T12:35:27","guid":{"rendered":"https:\/\/esf.hr\/esfplus\/?p=26056"},"modified":"2026-03-13T09:31:42","modified_gmt":"2026-03-13T08:31:42","slug":"vazno-obavijest-o-otkazivanju-dijela-postupka-otvorenog-2-veljace-2026-godine-i-zaprimanju-novih-projektnih-prijedloga-u-okviru-poziva-ukljucivanje-djece-i-mladih-u-riziku-od-socijalne-isk","status":"publish","type":"post","link":"https:\/\/esf.hr\/esfplus\/vazno-obavijest-o-otkazivanju-dijela-postupka-otvorenog-2-veljace-2026-godine-i-zaprimanju-novih-projektnih-prijedloga-u-okviru-poziva-ukljucivanje-djece-i-mladih-u-riziku-od-socijalne-isk\/","title":{"rendered":"VA\u017dNO! Obavijest o otkazivanju dijela postupka otvorenog 2. velja\u010de 2026. godine i zaprimanju novih projektnih prijedloga u okviru Poziva \u201eUklju\u010divanje djece i mladih u riziku od socijalne isklju\u010denosti u sport\u201c"},"content":{"rendered":"<p>Ministarstvo turizma i sporta, sukladno to\u010dki 4.8. Otkazivanje, obustava i ranije zatvaranje PDP-a, Uputa za prijavitelje poziva \u201eUklju\u010divanje djece i mladih u riziku od socijalne isklju\u010denosti u sport\u201c (SF.3.4.08.07.), objavljuje obavijest o otkazivanju postupka dodjele koji je zapo\u010deo objavom poziva 2. velja\u010de 2026. godine u 10.00 sati zbog tehni\u010dkih okolnosti vezanih uz provedbu postupka zaprimanja projektnih prijedloga.<\/p>\n<p>Uslijed izrazito velikog broja projektnih prijedloga zaprimljenih u vrlo kratkom vremenskom razdoblju od trenutka otvaranja navedenog dijela Poziva do\u0161lo je do privremenog usporavanja u radu sustava. U serverskim zapisima sustava nisu evidentirane tehni\u010dke pote\u0161ko\u0107e, ali je me\u0111udjelovanje velikog broja paralelnih prijava, uz istovremeno provo\u0111enje postupka pozadinske obrade podataka svake prijave, rezultiralo produ\u017eenim vremenom zaprimanja projektnih prijedloga te mo\u017eebitno utjecalo na tijek postupka dodjele.<\/p>\n<p>S ciljem maksimalne u\u010dinkovitosti budu\u0107eg postupka, a prije po\u010detka ponovnog zaprimanja projektnih prijedloga, osigurat \u0107e se dodatni tehni\u010dki kapaciteti sustava.<\/p>\n<p>Prema tome, <strong>projektni prijedlozi zaprimljeni u dijelu postupka koji se otkazuje ne\u0107e se dalje razmatrati, o \u010demu \u0107e svi prijavitelji biti i slu\u017ebeno obavije\u0161teni sukladno propisanim procedurama.<\/strong><\/p>\n<p>Sukladno postupanju u okviru ovog Poziva, <strong>obustava predmetnog Poziva produ\u017euje se do \u010detvrtka, 9. travnja. 2026. godine.<\/strong><\/p>\n<p><strong>Ponovno zaprimanje projektnih prijedloga u okviru Poziva \u201eUklju\u010divanje djece i mladih u riziku od socijalne isklju\u010denosti u sport\u201c (SF.3.4.08.07.) bit \u0107e omogu\u0107eno u \u010detvrtak, 9. travnja u 10.00 sati.<\/strong><\/p>\n<p><strong>\u00a0<\/strong><\/p>\n","protected":false},"excerpt":{"rendered":"<p>Ministarstvo turizma i sporta, sukladno to\u010dki 4.8. Otkazivanje, obustava i ranije zatvaranje PDP-a, Uputa za prijavitelje poziva \u201eUklju\u010divanje djece i mladih u riziku od socijalne isklju\u010denosti u sport\u201c (SF.3.4.08.07.), objavljuje obavijest o otkazivanju postupka dodjele koji je zapo\u010deo objavom poziva 2. velja\u010de 2026. godine u 10.00 sati zbog tehni\u010dkih okolnosti vezanih uz provedbu postupka zaprimanja [&hellip;]<\/p>\n","protected":false},"author":1372,"featured_media":25228,"comment_status":"closed","ping_status":"closed","sticky":false,"template":"","format":"standard","meta":{"_monsterinsights_skip_tracking":false,"_monsterinsights_sitenote_active":false,"_monsterinsights_sitenote_note":"","_monsterinsights_sitenote_category":0,"cybocfi_hide_featured_image":""},"categories":[222],"tags":[],"yoast_head":"<!-- This site is optimized with the Yoast SEO plugin v16.8 - https:\/\/yoast.com\/wordpress\/plugins\/seo\/ -->\n<title>VA\u017dNO! Obavijest o otkazivanju dijela postupka otvorenog 2. velja\u010de 2026. godine i zaprimanju novih projektnih prijedloga u okviru Poziva \u201eUklju\u010divanje djece i mladih u riziku od socijalne isklju\u010denosti u sport\u201c - Europski socijalni fond<\/title>\n<meta name=\"robots\" content=\"index, follow, max-snippet:-1, max-image-preview:large, max-video-preview:-1\" \/>\n<link rel=\"canonical\" href=\"https:\/\/esf.hr\/esfplus\/vazno-obavijest-o-otkazivanju-dijela-postupka-otvorenog-2-veljace-2026-godine-i-zaprimanju-novih-projektnih-prijedloga-u-okviru-poziva-ukljucivanje-djece-i-mladih-u-riziku-od-socijalne-isk\/\" \/>\n<meta property=\"og:locale\" content=\"en_US\" \/>\n<meta property=\"og:type\" content=\"article\" \/>\n<meta property=\"og:title\" content=\"VA\u017dNO! Obavijest o otkazivanju dijela postupka otvorenog 2. velja\u010de 2026. godine i zaprimanju novih projektnih prijedloga u okviru Poziva \u201eUklju\u010divanje djece i mladih u riziku od socijalne isklju\u010denosti u sport\u201c - Europski socijalni fond\" \/>\n<meta property=\"og:description\" content=\"Ministarstvo turizma i sporta, sukladno to\u010dki 4.8. Otkazivanje, obustava i ranije zatvaranje PDP-a, Uputa za prijavitelje poziva \u201eUklju\u010divanje djece i mladih u riziku od socijalne isklju\u010denosti u sport\u201c (SF.3.4.08.07.), objavljuje obavijest o otkazivanju postupka dodjele koji je zapo\u010deo objavom poziva 2. velja\u010de 2026. godine u 10.00 sati zbog tehni\u010dkih okolnosti vezanih uz provedbu postupka zaprimanja [&hellip;]\" \/>\n<meta property=\"og:url\" content=\"https:\/\/esf.hr\/esfplus\/vazno-obavijest-o-otkazivanju-dijela-postupka-otvorenog-2-veljace-2026-godine-i-zaprimanju-novih-projektnih-prijedloga-u-okviru-poziva-ukljucivanje-djece-i-mladih-u-riziku-od-socijalne-isk\/\" \/>\n<meta property=\"og:site_name\" content=\"Europski socijalni fond\" \/>\n<meta property=\"article:published_time\" content=\"2026-03-09T12:35:27+00:00\" \/>\n<meta property=\"article:modified_time\" content=\"2026-03-13T08:31:42+00:00\" \/>\n<meta property=\"og:image\" content=\"https:\/\/esf.hr\/esfplus\/wp-content\/uploads\/2025\/12\/Snimka-zaslona-2025-12-04-114240.png\" \/>\n\t<meta property=\"og:image:width\" content=\"1248\" \/>\n\t<meta property=\"og:image:height\" content=\"834\" \/>\n<meta name=\"twitter:label1\" content=\"Written by\" \/>\n\t<meta name=\"twitter:data1\" content=\"Vlatka Petri\u0107\" \/>\n\t<meta name=\"twitter:label2\" content=\"Est. reading time\" \/>\n\t<meta name=\"twitter:data2\" content=\"1 minute\" \/>\n<script type=\"application\/ld+json\" class=\"yoast-schema-graph\">{\"@context\":\"https:\/\/schema.org\",\"@graph\":[{\"@type\":\"WebSite\",\"@id\":\"https:\/\/esf.hr\/esfplus\/#website\",\"url\":\"https:\/\/esf.hr\/esfplus\/\",\"name\":\"Europski socijalni fond\",\"description\":\"Program U\\u010dinkoviti ljudski potencijali 2021.-2027.\",\"potentialAction\":[{\"@type\":\"SearchAction\",\"target\":{\"@type\":\"EntryPoint\",\"urlTemplate\":\"https:\/\/esf.hr\/esfplus\/?s={search_term_string}\"},\"query-input\":\"required name=search_term_string\"}],\"inLanguage\":\"en-US\"},{\"@type\":\"ImageObject\",\"@id\":\"https:\/\/esf.hr\/esfplus\/vazno-obavijest-o-otkazivanju-dijela-postupka-otvorenog-2-veljace-2026-godine-i-zaprimanju-novih-projektnih-prijedloga-u-okviru-poziva-ukljucivanje-djece-i-mladih-u-riziku-od-socijalne-isk\/#primaryimage\",\"inLanguage\":\"en-US\",\"url\":\"https:\/\/esf.hr\/esfplus\/wp-content\/uploads\/2025\/12\/Snimka-zaslona-2025-12-04-114240.png\",\"contentUrl\":\"https:\/\/esf.hr\/esfplus\/wp-content\/uploads\/2025\/12\/Snimka-zaslona-2025-12-04-114240.png\",\"width\":1248,\"height\":834},{\"@type\":\"WebPage\",\"@id\":\"https:\/\/esf.hr\/esfplus\/vazno-obavijest-o-otkazivanju-dijela-postupka-otvorenog-2-veljace-2026-godine-i-zaprimanju-novih-projektnih-prijedloga-u-okviru-poziva-ukljucivanje-djece-i-mladih-u-riziku-od-socijalne-isk\/#webpage\",\"url\":\"https:\/\/esf.hr\/esfplus\/vazno-obavijest-o-otkazivanju-dijela-postupka-otvorenog-2-veljace-2026-godine-i-zaprimanju-novih-projektnih-prijedloga-u-okviru-poziva-ukljucivanje-djece-i-mladih-u-riziku-od-socijalne-isk\/\",\"name\":\"VA\\u017dNO! Obavijest o otkazivanju dijela postupka otvorenog 2. velja\\u010de 2026. godine i zaprimanju novih projektnih prijedloga u okviru Poziva \\u201eUklju\\u010divanje djece i mladih u riziku od socijalne isklju\\u010denosti u sport\\u201c - Europski socijalni fond\",\"isPartOf\":{\"@id\":\"https:\/\/esf.hr\/esfplus\/#website\"},\"primaryImageOfPage\":{\"@id\":\"https:\/\/esf.hr\/esfplus\/vazno-obavijest-o-otkazivanju-dijela-postupka-otvorenog-2-veljace-2026-godine-i-zaprimanju-novih-projektnih-prijedloga-u-okviru-poziva-ukljucivanje-djece-i-mladih-u-riziku-od-socijalne-isk\/#primaryimage\"},\"datePublished\":\"2026-03-09T12:35:27+00:00\",\"dateModified\":\"2026-03-13T08:31:42+00:00\",\"author\":{\"@id\":\"https:\/\/esf.hr\/esfplus\/#\/schema\/person\/004c031063b5f0376dabbae898cfb2c2\"},\"breadcrumb\":{\"@id\":\"https:\/\/esf.hr\/esfplus\/vazno-obavijest-o-otkazivanju-dijela-postupka-otvorenog-2-veljace-2026-godine-i-zaprimanju-novih-projektnih-prijedloga-u-okviru-poziva-ukljucivanje-djece-i-mladih-u-riziku-od-socijalne-isk\/#breadcrumb\"},\"inLanguage\":\"en-US\",\"potentialAction\":[{\"@type\":\"ReadAction\",\"target\":[\"https:\/\/esf.hr\/esfplus\/vazno-obavijest-o-otkazivanju-dijela-postupka-otvorenog-2-veljace-2026-godine-i-zaprimanju-novih-projektnih-prijedloga-u-okviru-poziva-ukljucivanje-djece-i-mladih-u-riziku-od-socijalne-isk\/\"]}]},{\"@type\":\"BreadcrumbList\",\"@id\":\"https:\/\/esf.hr\/esfplus\/vazno-obavijest-o-otkazivanju-dijela-postupka-otvorenog-2-veljace-2026-godine-i-zaprimanju-novih-projektnih-prijedloga-u-okviru-poziva-ukljucivanje-djece-i-mladih-u-riziku-od-socijalne-isk\/#breadcrumb\",\"itemListElement\":[{\"@type\":\"ListItem\",\"position\":1,\"name\":\"Naslovna\",\"item\":\"https:\/\/esf.hr\/esfplus\/\"},{\"@type\":\"ListItem\",\"position\":2,\"name\":\"VA\\u017dNO! Obavijest o otkazivanju dijela postupka otvorenog 2. velja\\u010de 2026. godine i zaprimanju novih projektnih prijedloga u okviru Poziva \\u201eUklju\\u010divanje djece i mladih u riziku od socijalne isklju\\u010denosti u sport\\u201c\"}]},{\"@type\":\"Person\",\"@id\":\"https:\/\/esf.hr\/esfplus\/#\/schema\/person\/004c031063b5f0376dabbae898cfb2c2\",\"name\":\"Vlatka Petri\\u0107\",\"image\":{\"@type\":\"ImageObject\",\"@id\":\"https:\/\/esf.hr\/esfplus\/#personlogo\",\"inLanguage\":\"en-US\",\"url\":\"https:\/\/secure.gravatar.com\/avatar\/aa6d892f731abe7a2c9c3dd41790bb14?s=96&d=mm&r=g\",\"contentUrl\":\"https:\/\/secure.gravatar.com\/avatar\/aa6d892f731abe7a2c9c3dd41790bb14?s=96&d=mm&r=g\",\"caption\":\"Vlatka Petri\\u0107\"},\"url\":\"https:\/\/esf.hr\/esfplus\/author\/vlatka-petric\/\"}]}<\/script>\n<!-- \/ Yoast SEO plugin. -->","yoast_head_json":{"title":"VA\u017dNO! Obavijest o otkazivanju dijela postupka otvorenog 2. velja\u010de 2026. godine i zaprimanju novih projektnih prijedloga u okviru Poziva \u201eUklju\u010divanje djece i mladih u riziku od socijalne isklju\u010denosti u sport\u201c - Europski socijalni fond","robots":{"index":"index","follow":"follow","max-snippet":"max-snippet:-1","max-image-preview":"max-image-preview:large","max-video-preview":"max-video-preview:-1"},"canonical":"https:\/\/esf.hr\/esfplus\/vazno-obavijest-o-otkazivanju-dijela-postupka-otvorenog-2-veljace-2026-godine-i-zaprimanju-novih-projektnih-prijedloga-u-okviru-poziva-ukljucivanje-djece-i-mladih-u-riziku-od-socijalne-isk\/","og_locale":"en_US","og_type":"article","og_title":"VA\u017dNO! Obavijest o otkazivanju dijela postupka otvorenog 2. velja\u010de 2026. godine i zaprimanju novih projektnih prijedloga u okviru Poziva \u201eUklju\u010divanje djece i mladih u riziku od socijalne isklju\u010denosti u sport\u201c - Europski socijalni fond","og_description":"Ministarstvo turizma i sporta, sukladno to\u010dki 4.8. Otkazivanje, obustava i ranije zatvaranje PDP-a, Uputa za prijavitelje poziva \u201eUklju\u010divanje djece i mladih u riziku od socijalne isklju\u010denosti u sport\u201c (SF.3.4.08.07.), objavljuje obavijest o otkazivanju postupka dodjele koji je zapo\u010deo objavom poziva 2. velja\u010de 2026. godine u 10.00 sati zbog tehni\u010dkih okolnosti vezanih uz provedbu postupka zaprimanja [&hellip;]","og_url":"https:\/\/esf.hr\/esfplus\/vazno-obavijest-o-otkazivanju-dijela-postupka-otvorenog-2-veljace-2026-godine-i-zaprimanju-novih-projektnih-prijedloga-u-okviru-poziva-ukljucivanje-djece-i-mladih-u-riziku-od-socijalne-isk\/","og_site_name":"Europski socijalni fond","article_published_time":"2026-03-09T12:35:27+00:00","article_modified_time":"2026-03-13T08:31:42+00:00","og_image":[{"width":1248,"height":834,"url":"https:\/\/esf.hr\/esfplus\/wp-content\/uploads\/2025\/12\/Snimka-zaslona-2025-12-04-114240.png","path":"\/home\/esf\/public_html\/esfplus\/wp-content\/uploads\/2025\/12\/Snimka-zaslona-2025-12-04-114240.png","size":"full","id":25228,"alt":"","pixels":1040832,"type":"image\/png"}],"twitter_misc":{"Written by":"Vlatka Petri\u0107","Est. reading time":"1 minute"},"schema":{"@context":"https:\/\/schema.org","@graph":[{"@type":"WebSite","@id":"https:\/\/esf.hr\/esfplus\/#website","url":"https:\/\/esf.hr\/esfplus\/","name":"Europski socijalni fond","description":"Program U\u010dinkoviti ljudski potencijali 2021.-2027.","potentialAction":[{"@type":"SearchAction","target":{"@type":"EntryPoint","urlTemplate":"https:\/\/esf.hr\/esfplus\/?s={search_term_string}"},"query-input":"required name=search_term_string"}],"inLanguage":"en-US"},{"@type":"ImageObject","@id":"https:\/\/esf.hr\/esfplus\/vazno-obavijest-o-otkazivanju-dijela-postupka-otvorenog-2-veljace-2026-godine-i-zaprimanju-novih-projektnih-prijedloga-u-okviru-poziva-ukljucivanje-djece-i-mladih-u-riziku-od-socijalne-isk\/#primaryimage","inLanguage":"en-US","url":"https:\/\/esf.hr\/esfplus\/wp-content\/uploads\/2025\/12\/Snimka-zaslona-2025-12-04-114240.png","contentUrl":"https:\/\/esf.hr\/esfplus\/wp-content\/uploads\/2025\/12\/Snimka-zaslona-2025-12-04-114240.png","width":1248,"height":834},{"@type":"WebPage","@id":"https:\/\/esf.hr\/esfplus\/vazno-obavijest-o-otkazivanju-dijela-postupka-otvorenog-2-veljace-2026-godine-i-zaprimanju-novih-projektnih-prijedloga-u-okviru-poziva-ukljucivanje-djece-i-mladih-u-riziku-od-socijalne-isk\/#webpage","url":"https:\/\/esf.hr\/esfplus\/vazno-obavijest-o-otkazivanju-dijela-postupka-otvorenog-2-veljace-2026-godine-i-zaprimanju-novih-projektnih-prijedloga-u-okviru-poziva-ukljucivanje-djece-i-mladih-u-riziku-od-socijalne-isk\/","name":"VA\u017dNO! Obavijest o otkazivanju dijela postupka otvorenog 2. velja\u010de 2026. godine i zaprimanju novih projektnih prijedloga u okviru Poziva \u201eUklju\u010divanje djece i mladih u riziku od socijalne isklju\u010denosti u sport\u201c - Europski socijalni fond","isPartOf":{"@id":"https:\/\/esf.hr\/esfplus\/#website"},"primaryImageOfPage":{"@id":"https:\/\/esf.hr\/esfplus\/vazno-obavijest-o-otkazivanju-dijela-postupka-otvorenog-2-veljace-2026-godine-i-zaprimanju-novih-projektnih-prijedloga-u-okviru-poziva-ukljucivanje-djece-i-mladih-u-riziku-od-socijalne-isk\/#primaryimage"},"datePublished":"2026-03-09T12:35:27+00:00","dateModified":"2026-03-13T08:31:42+00:00","author":{"@id":"https:\/\/esf.hr\/esfplus\/#\/schema\/person\/004c031063b5f0376dabbae898cfb2c2"},"breadcrumb":{"@id":"https:\/\/esf.hr\/esfplus\/vazno-obavijest-o-otkazivanju-dijela-postupka-otvorenog-2-veljace-2026-godine-i-zaprimanju-novih-projektnih-prijedloga-u-okviru-poziva-ukljucivanje-djece-i-mladih-u-riziku-od-socijalne-isk\/#breadcrumb"},"inLanguage":"en-US","potentialAction":[{"@type":"ReadAction","target":["https:\/\/esf.hr\/esfplus\/vazno-obavijest-o-otkazivanju-dijela-postupka-otvorenog-2-veljace-2026-godine-i-zaprimanju-novih-projektnih-prijedloga-u-okviru-poziva-ukljucivanje-djece-i-mladih-u-riziku-od-socijalne-isk\/"]}]},{"@type":"BreadcrumbList","@id":"https:\/\/esf.hr\/esfplus\/vazno-obavijest-o-otkazivanju-dijela-postupka-otvorenog-2-veljace-2026-godine-i-zaprimanju-novih-projektnih-prijedloga-u-okviru-poziva-ukljucivanje-djece-i-mladih-u-riziku-od-socijalne-isk\/#breadcrumb","itemListElement":[{"@type":"ListItem","position":1,"name":"Naslovna","item":"https:\/\/esf.hr\/esfplus\/"},{"@type":"ListItem","position":2,"name":"VA\u017dNO! Obavijest o otkazivanju dijela postupka otvorenog 2. velja\u010de 2026. godine i zaprimanju novih projektnih prijedloga u okviru Poziva \u201eUklju\u010divanje djece i mladih u riziku od socijalne isklju\u010denosti u sport\u201c"}]},{"@type":"Person","@id":"https:\/\/esf.hr\/esfplus\/#\/schema\/person\/004c031063b5f0376dabbae898cfb2c2","name":"Vlatka Petri\u0107","image":{"@type":"ImageObject","@id":"https:\/\/esf.hr\/esfplus\/#personlogo","inLanguage":"en-US","url":"https:\/\/secure.gravatar.com\/avatar\/aa6d892f731abe7a2c9c3dd41790bb14?s=96&d=mm&r=g","contentUrl":"https:\/\/secure.gravatar.com\/avatar\/aa6d892f731abe7a2c9c3dd41790bb14?s=96&d=mm&r=g","caption":"Vlatka Petri\u0107"},"url":"https:\/\/esf.hr\/esfplus\/author\/vlatka-petric\/"}]}},"_links":{"self":[{"href":"https:\/\/esf.hr\/esfplus\/wp-json\/wp\/v2\/posts\/26056"}],"collection":[{"href":"https:\/\/esf.hr\/esfplus\/wp-json\/wp\/v2\/posts"}],"about":[{"href":"https:\/\/esf.hr\/esfplus\/wp-json\/wp\/v2\/types\/post"}],"author":[{"embeddable":true,"href":"https:\/\/esf.hr\/esfplus\/wp-json\/wp\/v2\/users\/1372"}],"replies":[{"embeddable":true,"href":"https:\/\/esf.hr\/esfplus\/wp-json\/wp\/v2\/comments?post=26056"}],"version-history":[{"count":1,"href":"https:\/\/esf.hr\/esfplus\/wp-json\/wp\/v2\/posts\/26056\/revisions"}],"predecessor-version":[{"id":26057,"href":"https:\/\/esf.hr\/esfplus\/wp-json\/wp\/v2\/posts\/26056\/revisions\/26057"}],"wp:featuredmedia":[{"embeddable":true,"href":"https:\/\/esf.hr\/esfplus\/wp-json\/wp\/v2\/media\/25228"}],"wp:attachment":[{"href":"https:\/\/esf.hr\/esfplus\/wp-json\/wp\/v2\/media?parent=26056"}],"wp:term":[{"taxonomy":"category","embeddable":true,"href":"https:\/\/esf.hr\/esfplus\/wp-json\/wp\/v2\/categories?post=26056"},{"taxonomy":"post_tag","embeddable":true,"href":"https:\/\/esf.hr\/esfplus\/wp-json\/wp\/v2\/tags?post=26056"}],"curies":[{"name":"wp","href":"https:\/\/api.w.org\/{rel}","templated":true}]}}