{"id":26049,"date":"2026-03-05T14:30:16","date_gmt":"2026-03-05T13:30:16","guid":{"rendered":"https:\/\/esf.hr\/esfplus\/?p=26049"},"modified":"2026-03-09T13:33:49","modified_gmt":"2026-03-09T12:33:49","slug":"odluka-o-financiranju-u-okviru-otvorenog-privremenog-poziva-na-dostavu-projektnih-prijedloga-inkluzivne-usluge-ustanova-u-kulturi","status":"publish","type":"post","link":"https:\/\/esf.hr\/esfplus\/odluka-o-financiranju-u-okviru-otvorenog-privremenog-poziva-na-dostavu-projektnih-prijedloga-inkluzivne-usluge-ustanova-u-kulturi\/","title":{"rendered":"Odluka o financiranju u okviru otvorenog privremenog Poziva na dostavu projektnih prijedloga \u201eInkluzivne usluge ustanova u kulturi\u201c"},"content":{"rendered":"<p>Ministarstvo kulture i medija, Posredni\u010dko tijelo razine 1 u okviru Programa \u201cU\u010dinkoviti ljudski potencijali\u201c 2021.- 2027., nakon provedenog natje\u010dajnog postupka i odabira projekata, donijelo je dana 5. o\u017eujka 2026. Odluku o financiranju za otvoreni privremeni Poziv na dostavu projektnih prijedloga \u201eInkluzivne usluge ustanova u kulturi\u201c (referentni broj: SF.3.4.08.04), koji je objavljen u okviru Programa \u201eU\u010dinkoviti ljudski potencijali\u201c 2021. \u2013 2027., Prioritet 03. Socijalno uklju\u010divanje, Specifi\u010dni cilj 3h: <em>Poticanje aktivnog uklju\u010divanja radi promicanja jednakih mogu\u0107nosti, nediskriminacije i aktivnog sudjelovanja te pobolj\u0161anje zapo\u0161ljivosti, posebno za skupine u nepovoljnom polo\u017eaju<\/em>.<\/p>\n<p>Op\u0107i je cilj Poziva pove\u0107anje socijalne uklju\u010denosti ranjivih skupina provedbom inkluzivnih usluga ustanova u kulturi, dok su specifi\u010dni ciljevi promicanje sudjelovanja u kulturi ranjivih skupina: djece i mladih, starijih i osoba s invaliditetom te ja\u010danje kapaciteta zaposlenika ustanova u kulturi za provedbu inkluzivnih usluga. Pozivom \u0107e se financirati aktivnosti provedbe kulturnih i\/ili umjetni\u010dkih radionica namijenjenih pripadnicima ranjivih skupina te edukacije stru\u010dnjaka za primjenu inkluzivnih usluga ustanova u kulturi, a prihvatljivi su prijavitelji ustanove u kulturi.<\/p>\n<p>Ukupni iznos bespovratnih sredstava koji se dodjeljuje u okviru Poziva iznosi 5.248.963,20 EUR od \u010dega je 85 % osigurano iz sredstava Europskog socijalnog fonda plus, dok obavezni udio nacionalnog sufinanciranja od 15 % osigurava Ministarstvo kulture i medija iz Dr\u017eavnog prora\u010duna Republike Hrvatske. Odlukom o financiranju poduprijet \u0107e se provedba 29 projekata.<\/p>\n<p>Odluka o financiranju nalazi se <a href=\"https:\/\/esf.hr\/esfplus\/wp-content\/uploads\/2024\/10\/Odluka-o-financiranju_Inkluzivne-usluge-ustanova-u-kulturi.pdf\"><strong>ovdje<\/strong><\/a>.<\/p>\n","protected":false},"excerpt":{"rendered":"<p>Ministarstvo kulture i medija, Posredni\u010dko tijelo razine 1 u okviru Programa \u201cU\u010dinkoviti ljudski potencijali\u201c 2021.- 2027., nakon provedenog natje\u010dajnog postupka i odabira projekata, donijelo je dana 5. o\u017eujka 2026. Odluku o financiranju za otvoreni privremeni Poziv na dostavu projektnih prijedloga \u201eInkluzivne usluge ustanova u kulturi\u201c (referentni broj: SF.3.4.08.04), koji je objavljen u okviru Programa \u201eU\u010dinkoviti [&hellip;]<\/p>\n","protected":false},"author":1372,"featured_media":23199,"comment_status":"closed","ping_status":"closed","sticky":false,"template":"","format":"standard","meta":{"_monsterinsights_skip_tracking":false,"_monsterinsights_sitenote_active":false,"_monsterinsights_sitenote_note":"","_monsterinsights_sitenote_category":0,"cybocfi_hide_featured_image":""},"categories":[222],"tags":[],"yoast_head":"<!-- This site is optimized with the Yoast SEO plugin v16.8 - https:\/\/yoast.com\/wordpress\/plugins\/seo\/ -->\n<title>Odluka o financiranju u okviru otvorenog privremenog Poziva na dostavu projektnih prijedloga \u201eInkluzivne usluge ustanova u kulturi\u201c - Europski socijalni fond<\/title>\n<meta name=\"robots\" content=\"index, follow, max-snippet:-1, max-image-preview:large, max-video-preview:-1\" \/>\n<link rel=\"canonical\" href=\"https:\/\/esf.hr\/esfplus\/odluka-o-financiranju-u-okviru-otvorenog-privremenog-poziva-na-dostavu-projektnih-prijedloga-inkluzivne-usluge-ustanova-u-kulturi\/\" \/>\n<meta property=\"og:locale\" content=\"en_US\" \/>\n<meta property=\"og:type\" content=\"article\" \/>\n<meta property=\"og:title\" content=\"Odluka o financiranju u okviru otvorenog privremenog Poziva na dostavu projektnih prijedloga \u201eInkluzivne usluge ustanova u kulturi\u201c - Europski socijalni fond\" \/>\n<meta property=\"og:description\" content=\"Ministarstvo kulture i medija, Posredni\u010dko tijelo razine 1 u okviru Programa \u201cU\u010dinkoviti ljudski potencijali\u201c 2021.- 2027., nakon provedenog natje\u010dajnog postupka i odabira projekata, donijelo je dana 5. o\u017eujka 2026. Odluku o financiranju za otvoreni privremeni Poziv na dostavu projektnih prijedloga \u201eInkluzivne usluge ustanova u kulturi\u201c (referentni broj: SF.3.4.08.04), koji je objavljen u okviru Programa \u201eU\u010dinkoviti [&hellip;]\" \/>\n<meta property=\"og:url\" content=\"https:\/\/esf.hr\/esfplus\/odluka-o-financiranju-u-okviru-otvorenog-privremenog-poziva-na-dostavu-projektnih-prijedloga-inkluzivne-usluge-ustanova-u-kulturi\/\" \/>\n<meta property=\"og:site_name\" content=\"Europski socijalni fond\" \/>\n<meta property=\"article:published_time\" content=\"2026-03-05T13:30:16+00:00\" \/>\n<meta property=\"article:modified_time\" content=\"2026-03-09T12:33:49+00:00\" \/>\n<meta property=\"og:image\" content=\"https:\/\/esf.hr\/esfplus\/wp-content\/uploads\/2024\/10\/Slika_radionica_djeca.png\" \/>\n\t<meta property=\"og:image:width\" content=\"657\" \/>\n\t<meta property=\"og:image:height\" content=\"424\" \/>\n<meta name=\"twitter:label1\" content=\"Written by\" \/>\n\t<meta name=\"twitter:data1\" content=\"Vlatka Petri\u0107\" \/>\n\t<meta name=\"twitter:label2\" content=\"Est. reading time\" \/>\n\t<meta name=\"twitter:data2\" content=\"1 minute\" \/>\n<script type=\"application\/ld+json\" class=\"yoast-schema-graph\">{\"@context\":\"https:\/\/schema.org\",\"@graph\":[{\"@type\":\"WebSite\",\"@id\":\"https:\/\/esf.hr\/esfplus\/#website\",\"url\":\"https:\/\/esf.hr\/esfplus\/\",\"name\":\"Europski socijalni fond\",\"description\":\"Program U\\u010dinkoviti ljudski potencijali 2021.-2027.\",\"potentialAction\":[{\"@type\":\"SearchAction\",\"target\":{\"@type\":\"EntryPoint\",\"urlTemplate\":\"https:\/\/esf.hr\/esfplus\/?s={search_term_string}\"},\"query-input\":\"required name=search_term_string\"}],\"inLanguage\":\"en-US\"},{\"@type\":\"ImageObject\",\"@id\":\"https:\/\/esf.hr\/esfplus\/odluka-o-financiranju-u-okviru-otvorenog-privremenog-poziva-na-dostavu-projektnih-prijedloga-inkluzivne-usluge-ustanova-u-kulturi\/#primaryimage\",\"inLanguage\":\"en-US\",\"url\":\"https:\/\/esf.hr\/esfplus\/wp-content\/uploads\/2024\/10\/Slika_radionica_djeca.png\",\"contentUrl\":\"https:\/\/esf.hr\/esfplus\/wp-content\/uploads\/2024\/10\/Slika_radionica_djeca.png\",\"width\":657,\"height\":424},{\"@type\":\"WebPage\",\"@id\":\"https:\/\/esf.hr\/esfplus\/odluka-o-financiranju-u-okviru-otvorenog-privremenog-poziva-na-dostavu-projektnih-prijedloga-inkluzivne-usluge-ustanova-u-kulturi\/#webpage\",\"url\":\"https:\/\/esf.hr\/esfplus\/odluka-o-financiranju-u-okviru-otvorenog-privremenog-poziva-na-dostavu-projektnih-prijedloga-inkluzivne-usluge-ustanova-u-kulturi\/\",\"name\":\"Odluka o financiranju u okviru otvorenog privremenog Poziva na dostavu projektnih prijedloga \\u201eInkluzivne usluge ustanova u kulturi\\u201c - Europski socijalni fond\",\"isPartOf\":{\"@id\":\"https:\/\/esf.hr\/esfplus\/#website\"},\"primaryImageOfPage\":{\"@id\":\"https:\/\/esf.hr\/esfplus\/odluka-o-financiranju-u-okviru-otvorenog-privremenog-poziva-na-dostavu-projektnih-prijedloga-inkluzivne-usluge-ustanova-u-kulturi\/#primaryimage\"},\"datePublished\":\"2026-03-05T13:30:16+00:00\",\"dateModified\":\"2026-03-09T12:33:49+00:00\",\"author\":{\"@id\":\"https:\/\/esf.hr\/esfplus\/#\/schema\/person\/004c031063b5f0376dabbae898cfb2c2\"},\"breadcrumb\":{\"@id\":\"https:\/\/esf.hr\/esfplus\/odluka-o-financiranju-u-okviru-otvorenog-privremenog-poziva-na-dostavu-projektnih-prijedloga-inkluzivne-usluge-ustanova-u-kulturi\/#breadcrumb\"},\"inLanguage\":\"en-US\",\"potentialAction\":[{\"@type\":\"ReadAction\",\"target\":[\"https:\/\/esf.hr\/esfplus\/odluka-o-financiranju-u-okviru-otvorenog-privremenog-poziva-na-dostavu-projektnih-prijedloga-inkluzivne-usluge-ustanova-u-kulturi\/\"]}]},{\"@type\":\"BreadcrumbList\",\"@id\":\"https:\/\/esf.hr\/esfplus\/odluka-o-financiranju-u-okviru-otvorenog-privremenog-poziva-na-dostavu-projektnih-prijedloga-inkluzivne-usluge-ustanova-u-kulturi\/#breadcrumb\",\"itemListElement\":[{\"@type\":\"ListItem\",\"position\":1,\"name\":\"Naslovna\",\"item\":\"https:\/\/esf.hr\/esfplus\/\"},{\"@type\":\"ListItem\",\"position\":2,\"name\":\"Odluka o financiranju u okviru otvorenog privremenog Poziva na dostavu projektnih prijedloga \\u201eInkluzivne usluge ustanova u kulturi\\u201c\"}]},{\"@type\":\"Person\",\"@id\":\"https:\/\/esf.hr\/esfplus\/#\/schema\/person\/004c031063b5f0376dabbae898cfb2c2\",\"name\":\"Vlatka Petri\\u0107\",\"image\":{\"@type\":\"ImageObject\",\"@id\":\"https:\/\/esf.hr\/esfplus\/#personlogo\",\"inLanguage\":\"en-US\",\"url\":\"https:\/\/secure.gravatar.com\/avatar\/aa6d892f731abe7a2c9c3dd41790bb14?s=96&d=mm&r=g\",\"contentUrl\":\"https:\/\/secure.gravatar.com\/avatar\/aa6d892f731abe7a2c9c3dd41790bb14?s=96&d=mm&r=g\",\"caption\":\"Vlatka Petri\\u0107\"},\"url\":\"https:\/\/esf.hr\/esfplus\/author\/vlatka-petric\/\"}]}<\/script>\n<!-- \/ Yoast SEO plugin. -->","yoast_head_json":{"title":"Odluka o financiranju u okviru otvorenog privremenog Poziva na dostavu projektnih prijedloga \u201eInkluzivne usluge ustanova u kulturi\u201c - Europski socijalni fond","robots":{"index":"index","follow":"follow","max-snippet":"max-snippet:-1","max-image-preview":"max-image-preview:large","max-video-preview":"max-video-preview:-1"},"canonical":"https:\/\/esf.hr\/esfplus\/odluka-o-financiranju-u-okviru-otvorenog-privremenog-poziva-na-dostavu-projektnih-prijedloga-inkluzivne-usluge-ustanova-u-kulturi\/","og_locale":"en_US","og_type":"article","og_title":"Odluka o financiranju u okviru otvorenog privremenog Poziva na dostavu projektnih prijedloga \u201eInkluzivne usluge ustanova u kulturi\u201c - Europski socijalni fond","og_description":"Ministarstvo kulture i medija, Posredni\u010dko tijelo razine 1 u okviru Programa \u201cU\u010dinkoviti ljudski potencijali\u201c 2021.- 2027., nakon provedenog natje\u010dajnog postupka i odabira projekata, donijelo je dana 5. o\u017eujka 2026. Odluku o financiranju za otvoreni privremeni Poziv na dostavu projektnih prijedloga \u201eInkluzivne usluge ustanova u kulturi\u201c (referentni broj: SF.3.4.08.04), koji je objavljen u okviru Programa \u201eU\u010dinkoviti [&hellip;]","og_url":"https:\/\/esf.hr\/esfplus\/odluka-o-financiranju-u-okviru-otvorenog-privremenog-poziva-na-dostavu-projektnih-prijedloga-inkluzivne-usluge-ustanova-u-kulturi\/","og_site_name":"Europski socijalni fond","article_published_time":"2026-03-05T13:30:16+00:00","article_modified_time":"2026-03-09T12:33:49+00:00","og_image":[{"width":657,"height":424,"url":"https:\/\/esf.hr\/esfplus\/wp-content\/uploads\/2024\/10\/Slika_radionica_djeca.png","path":"\/home\/esf\/public_html\/esfplus\/wp-content\/uploads\/2024\/10\/Slika_radionica_djeca.png","size":"full","id":23199,"alt":"","pixels":278568,"type":"image\/png"}],"twitter_misc":{"Written by":"Vlatka Petri\u0107","Est. reading time":"1 minute"},"schema":{"@context":"https:\/\/schema.org","@graph":[{"@type":"WebSite","@id":"https:\/\/esf.hr\/esfplus\/#website","url":"https:\/\/esf.hr\/esfplus\/","name":"Europski socijalni fond","description":"Program U\u010dinkoviti ljudski potencijali 2021.-2027.","potentialAction":[{"@type":"SearchAction","target":{"@type":"EntryPoint","urlTemplate":"https:\/\/esf.hr\/esfplus\/?s={search_term_string}"},"query-input":"required name=search_term_string"}],"inLanguage":"en-US"},{"@type":"ImageObject","@id":"https:\/\/esf.hr\/esfplus\/odluka-o-financiranju-u-okviru-otvorenog-privremenog-poziva-na-dostavu-projektnih-prijedloga-inkluzivne-usluge-ustanova-u-kulturi\/#primaryimage","inLanguage":"en-US","url":"https:\/\/esf.hr\/esfplus\/wp-content\/uploads\/2024\/10\/Slika_radionica_djeca.png","contentUrl":"https:\/\/esf.hr\/esfplus\/wp-content\/uploads\/2024\/10\/Slika_radionica_djeca.png","width":657,"height":424},{"@type":"WebPage","@id":"https:\/\/esf.hr\/esfplus\/odluka-o-financiranju-u-okviru-otvorenog-privremenog-poziva-na-dostavu-projektnih-prijedloga-inkluzivne-usluge-ustanova-u-kulturi\/#webpage","url":"https:\/\/esf.hr\/esfplus\/odluka-o-financiranju-u-okviru-otvorenog-privremenog-poziva-na-dostavu-projektnih-prijedloga-inkluzivne-usluge-ustanova-u-kulturi\/","name":"Odluka o financiranju u okviru otvorenog privremenog Poziva na dostavu projektnih prijedloga \u201eInkluzivne usluge ustanova u kulturi\u201c - Europski socijalni fond","isPartOf":{"@id":"https:\/\/esf.hr\/esfplus\/#website"},"primaryImageOfPage":{"@id":"https:\/\/esf.hr\/esfplus\/odluka-o-financiranju-u-okviru-otvorenog-privremenog-poziva-na-dostavu-projektnih-prijedloga-inkluzivne-usluge-ustanova-u-kulturi\/#primaryimage"},"datePublished":"2026-03-05T13:30:16+00:00","dateModified":"2026-03-09T12:33:49+00:00","author":{"@id":"https:\/\/esf.hr\/esfplus\/#\/schema\/person\/004c031063b5f0376dabbae898cfb2c2"},"breadcrumb":{"@id":"https:\/\/esf.hr\/esfplus\/odluka-o-financiranju-u-okviru-otvorenog-privremenog-poziva-na-dostavu-projektnih-prijedloga-inkluzivne-usluge-ustanova-u-kulturi\/#breadcrumb"},"inLanguage":"en-US","potentialAction":[{"@type":"ReadAction","target":["https:\/\/esf.hr\/esfplus\/odluka-o-financiranju-u-okviru-otvorenog-privremenog-poziva-na-dostavu-projektnih-prijedloga-inkluzivne-usluge-ustanova-u-kulturi\/"]}]},{"@type":"BreadcrumbList","@id":"https:\/\/esf.hr\/esfplus\/odluka-o-financiranju-u-okviru-otvorenog-privremenog-poziva-na-dostavu-projektnih-prijedloga-inkluzivne-usluge-ustanova-u-kulturi\/#breadcrumb","itemListElement":[{"@type":"ListItem","position":1,"name":"Naslovna","item":"https:\/\/esf.hr\/esfplus\/"},{"@type":"ListItem","position":2,"name":"Odluka o financiranju u okviru otvorenog privremenog Poziva na dostavu projektnih prijedloga \u201eInkluzivne usluge ustanova u kulturi\u201c"}]},{"@type":"Person","@id":"https:\/\/esf.hr\/esfplus\/#\/schema\/person\/004c031063b5f0376dabbae898cfb2c2","name":"Vlatka Petri\u0107","image":{"@type":"ImageObject","@id":"https:\/\/esf.hr\/esfplus\/#personlogo","inLanguage":"en-US","url":"https:\/\/secure.gravatar.com\/avatar\/aa6d892f731abe7a2c9c3dd41790bb14?s=96&d=mm&r=g","contentUrl":"https:\/\/secure.gravatar.com\/avatar\/aa6d892f731abe7a2c9c3dd41790bb14?s=96&d=mm&r=g","caption":"Vlatka Petri\u0107"},"url":"https:\/\/esf.hr\/esfplus\/author\/vlatka-petric\/"}]}},"_links":{"self":[{"href":"https:\/\/esf.hr\/esfplus\/wp-json\/wp\/v2\/posts\/26049"}],"collection":[{"href":"https:\/\/esf.hr\/esfplus\/wp-json\/wp\/v2\/posts"}],"about":[{"href":"https:\/\/esf.hr\/esfplus\/wp-json\/wp\/v2\/types\/post"}],"author":[{"embeddable":true,"href":"https:\/\/esf.hr\/esfplus\/wp-json\/wp\/v2\/users\/1372"}],"replies":[{"embeddable":true,"href":"https:\/\/esf.hr\/esfplus\/wp-json\/wp\/v2\/comments?post=26049"}],"version-history":[{"count":1,"href":"https:\/\/esf.hr\/esfplus\/wp-json\/wp\/v2\/posts\/26049\/revisions"}],"predecessor-version":[{"id":26050,"href":"https:\/\/esf.hr\/esfplus\/wp-json\/wp\/v2\/posts\/26049\/revisions\/26050"}],"wp:featuredmedia":[{"embeddable":true,"href":"https:\/\/esf.hr\/esfplus\/wp-json\/wp\/v2\/media\/23199"}],"wp:attachment":[{"href":"https:\/\/esf.hr\/esfplus\/wp-json\/wp\/v2\/media?parent=26049"}],"wp:term":[{"taxonomy":"category","embeddable":true,"href":"https:\/\/esf.hr\/esfplus\/wp-json\/wp\/v2\/categories?post=26049"},{"taxonomy":"post_tag","embeddable":true,"href":"https:\/\/esf.hr\/esfplus\/wp-json\/wp\/v2\/tags?post=26049"}],"curies":[{"name":"wp","href":"https:\/\/api.w.org\/{rel}","templated":true}]}}