{"id":25454,"date":"2026-02-02T10:33:01","date_gmt":"2026-02-02T09:33:01","guid":{"rendered":"https:\/\/esf.hr\/esfplus\/?p=25454"},"modified":"2026-02-09T12:04:07","modified_gmt":"2026-02-09T11:04:07","slug":"vazno-obavijest-o-obustavi-poziva-ukljucivanje-djece-i-mladih-u-riziku-od-socijalne-iskljucenosti-u-sport","status":"publish","type":"post","link":"https:\/\/esf.hr\/esfplus\/vazno-obavijest-o-obustavi-poziva-ukljucivanje-djece-i-mladih-u-riziku-od-socijalne-iskljucenosti-u-sport\/","title":{"rendered":"VA\u017dNO! Obavijest o obustavi Poziva \u201eUklju\u010divanje djece i mladih u riziku od socijalne isklju\u010denosti u sport\u201c"},"content":{"rendered":"<p><span data-olk-copy-source=\"MessageBody\">Ministarstvo turizma i sporta na temelju informacije zaprimljene od Hrvatskog zavoda za zapo\u0161ljavanje, Ureda za financiranje i ugovaranje projekata Europske unije, Posredni\u010dkog tijela razine 2, dana 2. velja\u010de 2026. godine objavljuje obavijest o obustavi Poziva \u201eUklju\u010divanje djece i mladih u riziku od socijalne isklju\u010denosti u sport\u201c (SF.3.4.08.07.).<\/span><\/p>\n<p>Obustava stupa na snagu 2. velja\u010de 2026. u 10:07 sati te \u0107e biti na snazi do kraja dana, 19. o\u017eujka 2026. godine. Poziv se obustavlja s obzirom na to da su zahtijevani iznosi bespovratnih sredstava dosegli 120 % ukupno raspolo\u017eivog iznosa Poziva, \u0161to u skladu s to\u010dkom 4.8. Uputa za Prijavitelje predmetnog Poziva predstavlja razlog za obustavu Poziva.<\/p>\n<p>Projektni prijedlozi podneseni na Poziv u razdoblju trajanja obustave ne\u0107e biti uklju\u010deni u postupak dodjele te ih se ne\u0107e dalje razmatrati u slu\u010daju ponovnog otvaranja Poziva.<\/p>\n<p>U vrijeme obustave nije mogu\u0107e postavljati pitanja za predmetni Poziv, odnosno Ministarstvo turizma i sporta nije obvezno odgovarati na pitanja pristigla u tom razdoblju.<\/p>\n","protected":false},"excerpt":{"rendered":"<p>Ministarstvo turizma i sporta na temelju informacije zaprimljene od Hrvatskog zavoda za zapo\u0161ljavanje, Ureda za financiranje i ugovaranje projekata Europske unije, Posredni\u010dkog tijela razine 2, dana 2. velja\u010de 2026. godine objavljuje obavijest o obustavi Poziva \u201eUklju\u010divanje djece i mladih u riziku od socijalne isklju\u010denosti u sport\u201c (SF.3.4.08.07.). Obustava stupa na snagu 2. velja\u010de 2026. u [&hellip;]<\/p>\n","protected":false},"author":1393,"featured_media":25228,"comment_status":"closed","ping_status":"closed","sticky":false,"template":"","format":"standard","meta":{"_monsterinsights_skip_tracking":false,"_monsterinsights_sitenote_active":false,"_monsterinsights_sitenote_note":"","_monsterinsights_sitenote_category":0,"cybocfi_hide_featured_image":""},"categories":[222],"tags":[],"yoast_head":"<!-- This site is optimized with the Yoast SEO plugin v16.8 - https:\/\/yoast.com\/wordpress\/plugins\/seo\/ -->\n<title>VA\u017dNO! Obavijest o obustavi Poziva \u201eUklju\u010divanje djece i mladih u riziku od socijalne isklju\u010denosti u sport\u201c - Europski socijalni fond<\/title>\n<meta name=\"robots\" content=\"index, follow, max-snippet:-1, max-image-preview:large, max-video-preview:-1\" \/>\n<link rel=\"canonical\" href=\"https:\/\/esf.hr\/esfplus\/vazno-obavijest-o-obustavi-poziva-ukljucivanje-djece-i-mladih-u-riziku-od-socijalne-iskljucenosti-u-sport\/\" \/>\n<meta property=\"og:locale\" content=\"en_US\" \/>\n<meta property=\"og:type\" content=\"article\" \/>\n<meta property=\"og:title\" content=\"VA\u017dNO! Obavijest o obustavi Poziva \u201eUklju\u010divanje djece i mladih u riziku od socijalne isklju\u010denosti u sport\u201c - Europski socijalni fond\" \/>\n<meta property=\"og:description\" content=\"Ministarstvo turizma i sporta na temelju informacije zaprimljene od Hrvatskog zavoda za zapo\u0161ljavanje, Ureda za financiranje i ugovaranje projekata Europske unije, Posredni\u010dkog tijela razine 2, dana 2. velja\u010de 2026. godine objavljuje obavijest o obustavi Poziva \u201eUklju\u010divanje djece i mladih u riziku od socijalne isklju\u010denosti u sport\u201c (SF.3.4.08.07.). Obustava stupa na snagu 2. velja\u010de 2026. u [&hellip;]\" \/>\n<meta property=\"og:url\" content=\"https:\/\/esf.hr\/esfplus\/vazno-obavijest-o-obustavi-poziva-ukljucivanje-djece-i-mladih-u-riziku-od-socijalne-iskljucenosti-u-sport\/\" \/>\n<meta property=\"og:site_name\" content=\"Europski socijalni fond\" \/>\n<meta property=\"article:published_time\" content=\"2026-02-02T09:33:01+00:00\" \/>\n<meta property=\"article:modified_time\" content=\"2026-02-09T11:04:07+00:00\" \/>\n<meta property=\"og:image\" content=\"https:\/\/esf.hr\/esfplus\/wp-content\/uploads\/2025\/12\/Snimka-zaslona-2025-12-04-114240.png\" \/>\n\t<meta property=\"og:image:width\" content=\"1248\" \/>\n\t<meta property=\"og:image:height\" content=\"834\" \/>\n<meta name=\"twitter:label1\" content=\"Written by\" \/>\n\t<meta name=\"twitter:data1\" content=\"Kristina Juki\u0107\" \/>\n\t<meta name=\"twitter:label2\" content=\"Est. reading time\" \/>\n\t<meta name=\"twitter:data2\" content=\"1 minute\" \/>\n<script type=\"application\/ld+json\" class=\"yoast-schema-graph\">{\"@context\":\"https:\/\/schema.org\",\"@graph\":[{\"@type\":\"WebSite\",\"@id\":\"https:\/\/esf.hr\/esfplus\/#website\",\"url\":\"https:\/\/esf.hr\/esfplus\/\",\"name\":\"Europski socijalni fond\",\"description\":\"Program U\\u010dinkoviti ljudski potencijali 2021.-2027.\",\"potentialAction\":[{\"@type\":\"SearchAction\",\"target\":{\"@type\":\"EntryPoint\",\"urlTemplate\":\"https:\/\/esf.hr\/esfplus\/?s={search_term_string}\"},\"query-input\":\"required name=search_term_string\"}],\"inLanguage\":\"en-US\"},{\"@type\":\"ImageObject\",\"@id\":\"https:\/\/esf.hr\/esfplus\/vazno-obavijest-o-obustavi-poziva-ukljucivanje-djece-i-mladih-u-riziku-od-socijalne-iskljucenosti-u-sport\/#primaryimage\",\"inLanguage\":\"en-US\",\"url\":\"https:\/\/esf.hr\/esfplus\/wp-content\/uploads\/2025\/12\/Snimka-zaslona-2025-12-04-114240.png\",\"contentUrl\":\"https:\/\/esf.hr\/esfplus\/wp-content\/uploads\/2025\/12\/Snimka-zaslona-2025-12-04-114240.png\",\"width\":1248,\"height\":834},{\"@type\":\"WebPage\",\"@id\":\"https:\/\/esf.hr\/esfplus\/vazno-obavijest-o-obustavi-poziva-ukljucivanje-djece-i-mladih-u-riziku-od-socijalne-iskljucenosti-u-sport\/#webpage\",\"url\":\"https:\/\/esf.hr\/esfplus\/vazno-obavijest-o-obustavi-poziva-ukljucivanje-djece-i-mladih-u-riziku-od-socijalne-iskljucenosti-u-sport\/\",\"name\":\"VA\\u017dNO! Obavijest o obustavi Poziva \\u201eUklju\\u010divanje djece i mladih u riziku od socijalne isklju\\u010denosti u sport\\u201c - Europski socijalni fond\",\"isPartOf\":{\"@id\":\"https:\/\/esf.hr\/esfplus\/#website\"},\"primaryImageOfPage\":{\"@id\":\"https:\/\/esf.hr\/esfplus\/vazno-obavijest-o-obustavi-poziva-ukljucivanje-djece-i-mladih-u-riziku-od-socijalne-iskljucenosti-u-sport\/#primaryimage\"},\"datePublished\":\"2026-02-02T09:33:01+00:00\",\"dateModified\":\"2026-02-09T11:04:07+00:00\",\"author\":{\"@id\":\"https:\/\/esf.hr\/esfplus\/#\/schema\/person\/d4f8880bb9b3c8af6d3a9e4e9879a57d\"},\"breadcrumb\":{\"@id\":\"https:\/\/esf.hr\/esfplus\/vazno-obavijest-o-obustavi-poziva-ukljucivanje-djece-i-mladih-u-riziku-od-socijalne-iskljucenosti-u-sport\/#breadcrumb\"},\"inLanguage\":\"en-US\",\"potentialAction\":[{\"@type\":\"ReadAction\",\"target\":[\"https:\/\/esf.hr\/esfplus\/vazno-obavijest-o-obustavi-poziva-ukljucivanje-djece-i-mladih-u-riziku-od-socijalne-iskljucenosti-u-sport\/\"]}]},{\"@type\":\"BreadcrumbList\",\"@id\":\"https:\/\/esf.hr\/esfplus\/vazno-obavijest-o-obustavi-poziva-ukljucivanje-djece-i-mladih-u-riziku-od-socijalne-iskljucenosti-u-sport\/#breadcrumb\",\"itemListElement\":[{\"@type\":\"ListItem\",\"position\":1,\"name\":\"Naslovna\",\"item\":\"https:\/\/esf.hr\/esfplus\/\"},{\"@type\":\"ListItem\",\"position\":2,\"name\":\"VA\\u017dNO! Obavijest o obustavi Poziva \\u201eUklju\\u010divanje djece i mladih u riziku od socijalne isklju\\u010denosti u sport\\u201c\"}]},{\"@type\":\"Person\",\"@id\":\"https:\/\/esf.hr\/esfplus\/#\/schema\/person\/d4f8880bb9b3c8af6d3a9e4e9879a57d\",\"name\":\"Kristina Juki\\u0107\",\"image\":{\"@type\":\"ImageObject\",\"@id\":\"https:\/\/esf.hr\/esfplus\/#personlogo\",\"inLanguage\":\"en-US\",\"url\":\"https:\/\/secure.gravatar.com\/avatar\/d00a3993ba0064a398875a3d616d287c?s=96&d=mm&r=g\",\"contentUrl\":\"https:\/\/secure.gravatar.com\/avatar\/d00a3993ba0064a398875a3d616d287c?s=96&d=mm&r=g\",\"caption\":\"Kristina Juki\\u0107\"},\"url\":\"https:\/\/esf.hr\/esfplus\/author\/kristina-jukic\/\"}]}<\/script>\n<!-- \/ Yoast SEO plugin. -->","yoast_head_json":{"title":"VA\u017dNO! Obavijest o obustavi Poziva \u201eUklju\u010divanje djece i mladih u riziku od socijalne isklju\u010denosti u sport\u201c - Europski socijalni fond","robots":{"index":"index","follow":"follow","max-snippet":"max-snippet:-1","max-image-preview":"max-image-preview:large","max-video-preview":"max-video-preview:-1"},"canonical":"https:\/\/esf.hr\/esfplus\/vazno-obavijest-o-obustavi-poziva-ukljucivanje-djece-i-mladih-u-riziku-od-socijalne-iskljucenosti-u-sport\/","og_locale":"en_US","og_type":"article","og_title":"VA\u017dNO! Obavijest o obustavi Poziva \u201eUklju\u010divanje djece i mladih u riziku od socijalne isklju\u010denosti u sport\u201c - Europski socijalni fond","og_description":"Ministarstvo turizma i sporta na temelju informacije zaprimljene od Hrvatskog zavoda za zapo\u0161ljavanje, Ureda za financiranje i ugovaranje projekata Europske unije, Posredni\u010dkog tijela razine 2, dana 2. velja\u010de 2026. godine objavljuje obavijest o obustavi Poziva \u201eUklju\u010divanje djece i mladih u riziku od socijalne isklju\u010denosti u sport\u201c (SF.3.4.08.07.). Obustava stupa na snagu 2. velja\u010de 2026. u [&hellip;]","og_url":"https:\/\/esf.hr\/esfplus\/vazno-obavijest-o-obustavi-poziva-ukljucivanje-djece-i-mladih-u-riziku-od-socijalne-iskljucenosti-u-sport\/","og_site_name":"Europski socijalni fond","article_published_time":"2026-02-02T09:33:01+00:00","article_modified_time":"2026-02-09T11:04:07+00:00","og_image":[{"width":1248,"height":834,"url":"https:\/\/esf.hr\/esfplus\/wp-content\/uploads\/2025\/12\/Snimka-zaslona-2025-12-04-114240.png","path":"\/home\/esf\/public_html\/esfplus\/wp-content\/uploads\/2025\/12\/Snimka-zaslona-2025-12-04-114240.png","size":"full","id":25228,"alt":"","pixels":1040832,"type":"image\/png"}],"twitter_misc":{"Written by":"Kristina Juki\u0107","Est. reading time":"1 minute"},"schema":{"@context":"https:\/\/schema.org","@graph":[{"@type":"WebSite","@id":"https:\/\/esf.hr\/esfplus\/#website","url":"https:\/\/esf.hr\/esfplus\/","name":"Europski socijalni fond","description":"Program U\u010dinkoviti ljudski potencijali 2021.-2027.","potentialAction":[{"@type":"SearchAction","target":{"@type":"EntryPoint","urlTemplate":"https:\/\/esf.hr\/esfplus\/?s={search_term_string}"},"query-input":"required name=search_term_string"}],"inLanguage":"en-US"},{"@type":"ImageObject","@id":"https:\/\/esf.hr\/esfplus\/vazno-obavijest-o-obustavi-poziva-ukljucivanje-djece-i-mladih-u-riziku-od-socijalne-iskljucenosti-u-sport\/#primaryimage","inLanguage":"en-US","url":"https:\/\/esf.hr\/esfplus\/wp-content\/uploads\/2025\/12\/Snimka-zaslona-2025-12-04-114240.png","contentUrl":"https:\/\/esf.hr\/esfplus\/wp-content\/uploads\/2025\/12\/Snimka-zaslona-2025-12-04-114240.png","width":1248,"height":834},{"@type":"WebPage","@id":"https:\/\/esf.hr\/esfplus\/vazno-obavijest-o-obustavi-poziva-ukljucivanje-djece-i-mladih-u-riziku-od-socijalne-iskljucenosti-u-sport\/#webpage","url":"https:\/\/esf.hr\/esfplus\/vazno-obavijest-o-obustavi-poziva-ukljucivanje-djece-i-mladih-u-riziku-od-socijalne-iskljucenosti-u-sport\/","name":"VA\u017dNO! Obavijest o obustavi Poziva \u201eUklju\u010divanje djece i mladih u riziku od socijalne isklju\u010denosti u sport\u201c - Europski socijalni fond","isPartOf":{"@id":"https:\/\/esf.hr\/esfplus\/#website"},"primaryImageOfPage":{"@id":"https:\/\/esf.hr\/esfplus\/vazno-obavijest-o-obustavi-poziva-ukljucivanje-djece-i-mladih-u-riziku-od-socijalne-iskljucenosti-u-sport\/#primaryimage"},"datePublished":"2026-02-02T09:33:01+00:00","dateModified":"2026-02-09T11:04:07+00:00","author":{"@id":"https:\/\/esf.hr\/esfplus\/#\/schema\/person\/d4f8880bb9b3c8af6d3a9e4e9879a57d"},"breadcrumb":{"@id":"https:\/\/esf.hr\/esfplus\/vazno-obavijest-o-obustavi-poziva-ukljucivanje-djece-i-mladih-u-riziku-od-socijalne-iskljucenosti-u-sport\/#breadcrumb"},"inLanguage":"en-US","potentialAction":[{"@type":"ReadAction","target":["https:\/\/esf.hr\/esfplus\/vazno-obavijest-o-obustavi-poziva-ukljucivanje-djece-i-mladih-u-riziku-od-socijalne-iskljucenosti-u-sport\/"]}]},{"@type":"BreadcrumbList","@id":"https:\/\/esf.hr\/esfplus\/vazno-obavijest-o-obustavi-poziva-ukljucivanje-djece-i-mladih-u-riziku-od-socijalne-iskljucenosti-u-sport\/#breadcrumb","itemListElement":[{"@type":"ListItem","position":1,"name":"Naslovna","item":"https:\/\/esf.hr\/esfplus\/"},{"@type":"ListItem","position":2,"name":"VA\u017dNO! Obavijest o obustavi Poziva \u201eUklju\u010divanje djece i mladih u riziku od socijalne isklju\u010denosti u sport\u201c"}]},{"@type":"Person","@id":"https:\/\/esf.hr\/esfplus\/#\/schema\/person\/d4f8880bb9b3c8af6d3a9e4e9879a57d","name":"Kristina Juki\u0107","image":{"@type":"ImageObject","@id":"https:\/\/esf.hr\/esfplus\/#personlogo","inLanguage":"en-US","url":"https:\/\/secure.gravatar.com\/avatar\/d00a3993ba0064a398875a3d616d287c?s=96&d=mm&r=g","contentUrl":"https:\/\/secure.gravatar.com\/avatar\/d00a3993ba0064a398875a3d616d287c?s=96&d=mm&r=g","caption":"Kristina Juki\u0107"},"url":"https:\/\/esf.hr\/esfplus\/author\/kristina-jukic\/"}]}},"_links":{"self":[{"href":"https:\/\/esf.hr\/esfplus\/wp-json\/wp\/v2\/posts\/25454"}],"collection":[{"href":"https:\/\/esf.hr\/esfplus\/wp-json\/wp\/v2\/posts"}],"about":[{"href":"https:\/\/esf.hr\/esfplus\/wp-json\/wp\/v2\/types\/post"}],"author":[{"embeddable":true,"href":"https:\/\/esf.hr\/esfplus\/wp-json\/wp\/v2\/users\/1393"}],"replies":[{"embeddable":true,"href":"https:\/\/esf.hr\/esfplus\/wp-json\/wp\/v2\/comments?post=25454"}],"version-history":[{"count":1,"href":"https:\/\/esf.hr\/esfplus\/wp-json\/wp\/v2\/posts\/25454\/revisions"}],"predecessor-version":[{"id":25455,"href":"https:\/\/esf.hr\/esfplus\/wp-json\/wp\/v2\/posts\/25454\/revisions\/25455"}],"wp:featuredmedia":[{"embeddable":true,"href":"https:\/\/esf.hr\/esfplus\/wp-json\/wp\/v2\/media\/25228"}],"wp:attachment":[{"href":"https:\/\/esf.hr\/esfplus\/wp-json\/wp\/v2\/media?parent=25454"}],"wp:term":[{"taxonomy":"category","embeddable":true,"href":"https:\/\/esf.hr\/esfplus\/wp-json\/wp\/v2\/categories?post=25454"},{"taxonomy":"post_tag","embeddable":true,"href":"https:\/\/esf.hr\/esfplus\/wp-json\/wp\/v2\/tags?post=25454"}],"curies":[{"name":"wp","href":"https:\/\/api.w.org\/{rel}","templated":true}]}}