{"id":24413,"date":"2025-05-22T10:42:06","date_gmt":"2025-05-22T08:42:06","guid":{"rendered":"https:\/\/esf.hr\/esfplus\/?p=24413"},"modified":"2025-07-15T12:25:20","modified_gmt":"2025-07-15T10:25:20","slug":"esf-financijski-instrument-mikro-zajmovi-za-rast-i-ukljucenost-prijavite-se","status":"publish","type":"post","link":"https:\/\/esf.hr\/esfplus\/esf-financijski-instrument-mikro-zajmovi-za-rast-i-ukljucenost-prijavite-se\/","title":{"rendered":"ESF+ financijski instrument \u201eMikro zajmovi za rast i uklju\u010denost\u201d \u2013 Prijavite se!"},"content":{"rendered":"<p>Dana, 31. o\u017eujka 2025. otvorene su prijave za ESF+ financijski instrument \u201cMikro zajmovi za rast i uklju\u010denost\u201d, koji\u00a0imaju za cilj poticati investicije mikro i malih poduze\u0107a, otvaraju\u0107i nova radna mjesta, posebice za skupine u nepovoljnom polo\u017eaju na tr\u017ei\u0161tu rada.\u00b8<\/p>\n<p><strong>Ukupna alokacija iznosi 30 milijuna eura, dok pojedina\u010dni zajmovi iznose do 25 tisu\u0107a eura, a predvi\u0111aju i mogu\u0107nost otpisa dijela glavnice zajma do 30% uz zadovoljenje odre\u0111enih uvjeta<\/strong>. Ovi mikro zajmovi namijenjeni su financiranju osnovnih sredstava (materijalne i nematerijalne imovine) te obrtnih sredstava do 30% iznosa zajma.<\/p>\n<p><strong>Zahtjevi se podnose<\/strong> isklju\u010divo putem online obrasca dostupnog na web stranicama Hrvatske agencije za malo gospodarstvo, inovacije i investicije (HAMAG-BICRO).<\/p>\n<p>Svi potrebni detalji o postupku prijave mogu se prona\u0107i na <a href=\"https:\/\/hamagbicro.hr\/financijski-instrumenti\/kako-do-zajma\/postupak-prijave\/\">POVEZNICI<\/a>.<\/p>\n<p>Vi\u0161e informacija o uvjetima programa, potrebnoj dokumentaciji te samom postupku prijave dostupno je na slu\u017ebenim stranicama <a href=\"https:\/\/hamagbicro.hr\/poduzetnicima-prvi-put-na-raspolaganju-zajmovi-iz-europskog-socijalnog-fonda-plus-mikro-zajmovi-za-rast-i-ukljucenost\/\">HAMAG-BICRO-a<\/a>.<\/p>\n","protected":false},"excerpt":{"rendered":"<p>Dana, 31. o\u017eujka 2025. otvorene su prijave za ESF+ financijski instrument \u201cMikro zajmovi za rast i uklju\u010denost\u201d, koji\u00a0imaju za cilj poticati investicije mikro i malih poduze\u0107a, otvaraju\u0107i nova radna mjesta, posebice za skupine u nepovoljnom polo\u017eaju na tr\u017ei\u0161tu rada.\u00b8 Ukupna alokacija iznosi 30 milijuna eura, dok pojedina\u010dni zajmovi iznose do 25 tisu\u0107a eura, a predvi\u0111aju [&hellip;]<\/p>\n","protected":false},"author":1372,"featured_media":24414,"comment_status":"closed","ping_status":"closed","sticky":false,"template":"","format":"standard","meta":{"_monsterinsights_skip_tracking":false,"_monsterinsights_sitenote_active":false,"_monsterinsights_sitenote_note":"","_monsterinsights_sitenote_category":0,"cybocfi_hide_featured_image":""},"categories":[222],"tags":[],"yoast_head":"<!-- This site is optimized with the Yoast SEO plugin v16.8 - https:\/\/yoast.com\/wordpress\/plugins\/seo\/ -->\n<title>ESF+ financijski instrument \u201eMikro zajmovi za rast i uklju\u010denost\u201d \u2013 Prijavite se! - Europski socijalni fond<\/title>\n<meta name=\"robots\" content=\"index, follow, max-snippet:-1, max-image-preview:large, max-video-preview:-1\" \/>\n<link rel=\"canonical\" href=\"https:\/\/esf.hr\/esfplus\/esf-financijski-instrument-mikro-zajmovi-za-rast-i-ukljucenost-prijavite-se\/\" \/>\n<meta property=\"og:locale\" content=\"en_US\" \/>\n<meta property=\"og:type\" content=\"article\" \/>\n<meta property=\"og:title\" content=\"ESF+ financijski instrument \u201eMikro zajmovi za rast i uklju\u010denost\u201d \u2013 Prijavite se! - Europski socijalni fond\" \/>\n<meta property=\"og:description\" content=\"Dana, 31. o\u017eujka 2025. otvorene su prijave za ESF+ financijski instrument \u201cMikro zajmovi za rast i uklju\u010denost\u201d, koji\u00a0imaju za cilj poticati investicije mikro i malih poduze\u0107a, otvaraju\u0107i nova radna mjesta, posebice za skupine u nepovoljnom polo\u017eaju na tr\u017ei\u0161tu rada.\u00b8 Ukupna alokacija iznosi 30 milijuna eura, dok pojedina\u010dni zajmovi iznose do 25 tisu\u0107a eura, a predvi\u0111aju [&hellip;]\" \/>\n<meta property=\"og:url\" content=\"https:\/\/esf.hr\/esfplus\/esf-financijski-instrument-mikro-zajmovi-za-rast-i-ukljucenost-prijavite-se\/\" \/>\n<meta property=\"og:site_name\" content=\"Europski socijalni fond\" \/>\n<meta property=\"article:published_time\" content=\"2025-05-22T08:42:06+00:00\" \/>\n<meta property=\"article:modified_time\" content=\"2025-07-15T10:25:20+00:00\" \/>\n<meta property=\"og:image\" content=\"https:\/\/esf.hr\/esfplus\/wp-content\/uploads\/2025\/05\/ESF-FI-web-banner-04.png\" \/>\n\t<meta property=\"og:image:width\" content=\"715\" \/>\n\t<meta property=\"og:image:height\" content=\"468\" \/>\n<meta name=\"twitter:label1\" content=\"Written by\" \/>\n\t<meta name=\"twitter:data1\" content=\"Vlatka Petri\u0107\" \/>\n\t<meta name=\"twitter:label2\" content=\"Est. reading time\" \/>\n\t<meta name=\"twitter:data2\" content=\"1 minute\" \/>\n<script type=\"application\/ld+json\" class=\"yoast-schema-graph\">{\"@context\":\"https:\/\/schema.org\",\"@graph\":[{\"@type\":\"WebSite\",\"@id\":\"https:\/\/esf.hr\/esfplus\/#website\",\"url\":\"https:\/\/esf.hr\/esfplus\/\",\"name\":\"Europski socijalni fond\",\"description\":\"Program U\\u010dinkoviti ljudski potencijali 2021.-2027.\",\"potentialAction\":[{\"@type\":\"SearchAction\",\"target\":{\"@type\":\"EntryPoint\",\"urlTemplate\":\"https:\/\/esf.hr\/esfplus\/?s={search_term_string}\"},\"query-input\":\"required name=search_term_string\"}],\"inLanguage\":\"en-US\"},{\"@type\":\"ImageObject\",\"@id\":\"https:\/\/esf.hr\/esfplus\/esf-financijski-instrument-mikro-zajmovi-za-rast-i-ukljucenost-prijavite-se\/#primaryimage\",\"inLanguage\":\"en-US\",\"url\":\"https:\/\/esf.hr\/esfplus\/wp-content\/uploads\/2025\/05\/ESF-FI-web-banner-04.png\",\"contentUrl\":\"https:\/\/esf.hr\/esfplus\/wp-content\/uploads\/2025\/05\/ESF-FI-web-banner-04.png\",\"width\":715,\"height\":468},{\"@type\":\"WebPage\",\"@id\":\"https:\/\/esf.hr\/esfplus\/esf-financijski-instrument-mikro-zajmovi-za-rast-i-ukljucenost-prijavite-se\/#webpage\",\"url\":\"https:\/\/esf.hr\/esfplus\/esf-financijski-instrument-mikro-zajmovi-za-rast-i-ukljucenost-prijavite-se\/\",\"name\":\"ESF+ financijski instrument \\u201eMikro zajmovi za rast i uklju\\u010denost\\u201d \\u2013 Prijavite se! - Europski socijalni fond\",\"isPartOf\":{\"@id\":\"https:\/\/esf.hr\/esfplus\/#website\"},\"primaryImageOfPage\":{\"@id\":\"https:\/\/esf.hr\/esfplus\/esf-financijski-instrument-mikro-zajmovi-za-rast-i-ukljucenost-prijavite-se\/#primaryimage\"},\"datePublished\":\"2025-05-22T08:42:06+00:00\",\"dateModified\":\"2025-07-15T10:25:20+00:00\",\"author\":{\"@id\":\"https:\/\/esf.hr\/esfplus\/#\/schema\/person\/004c031063b5f0376dabbae898cfb2c2\"},\"breadcrumb\":{\"@id\":\"https:\/\/esf.hr\/esfplus\/esf-financijski-instrument-mikro-zajmovi-za-rast-i-ukljucenost-prijavite-se\/#breadcrumb\"},\"inLanguage\":\"en-US\",\"potentialAction\":[{\"@type\":\"ReadAction\",\"target\":[\"https:\/\/esf.hr\/esfplus\/esf-financijski-instrument-mikro-zajmovi-za-rast-i-ukljucenost-prijavite-se\/\"]}]},{\"@type\":\"BreadcrumbList\",\"@id\":\"https:\/\/esf.hr\/esfplus\/esf-financijski-instrument-mikro-zajmovi-za-rast-i-ukljucenost-prijavite-se\/#breadcrumb\",\"itemListElement\":[{\"@type\":\"ListItem\",\"position\":1,\"name\":\"Naslovna\",\"item\":\"https:\/\/esf.hr\/esfplus\/\"},{\"@type\":\"ListItem\",\"position\":2,\"name\":\"ESF+ financijski instrument \\u201eMikro zajmovi za rast i uklju\\u010denost\\u201d \\u2013 Prijavite se!\"}]},{\"@type\":\"Person\",\"@id\":\"https:\/\/esf.hr\/esfplus\/#\/schema\/person\/004c031063b5f0376dabbae898cfb2c2\",\"name\":\"Vlatka Petri\\u0107\",\"image\":{\"@type\":\"ImageObject\",\"@id\":\"https:\/\/esf.hr\/esfplus\/#personlogo\",\"inLanguage\":\"en-US\",\"url\":\"https:\/\/secure.gravatar.com\/avatar\/aa6d892f731abe7a2c9c3dd41790bb14?s=96&d=mm&r=g\",\"contentUrl\":\"https:\/\/secure.gravatar.com\/avatar\/aa6d892f731abe7a2c9c3dd41790bb14?s=96&d=mm&r=g\",\"caption\":\"Vlatka Petri\\u0107\"},\"url\":\"https:\/\/esf.hr\/esfplus\/author\/vlatka-petric\/\"}]}<\/script>\n<!-- \/ Yoast SEO plugin. -->","yoast_head_json":{"title":"ESF+ financijski instrument \u201eMikro zajmovi za rast i uklju\u010denost\u201d \u2013 Prijavite se! - Europski socijalni fond","robots":{"index":"index","follow":"follow","max-snippet":"max-snippet:-1","max-image-preview":"max-image-preview:large","max-video-preview":"max-video-preview:-1"},"canonical":"https:\/\/esf.hr\/esfplus\/esf-financijski-instrument-mikro-zajmovi-za-rast-i-ukljucenost-prijavite-se\/","og_locale":"en_US","og_type":"article","og_title":"ESF+ financijski instrument \u201eMikro zajmovi za rast i uklju\u010denost\u201d \u2013 Prijavite se! - Europski socijalni fond","og_description":"Dana, 31. o\u017eujka 2025. otvorene su prijave za ESF+ financijski instrument \u201cMikro zajmovi za rast i uklju\u010denost\u201d, koji\u00a0imaju za cilj poticati investicije mikro i malih poduze\u0107a, otvaraju\u0107i nova radna mjesta, posebice za skupine u nepovoljnom polo\u017eaju na tr\u017ei\u0161tu rada.\u00b8 Ukupna alokacija iznosi 30 milijuna eura, dok pojedina\u010dni zajmovi iznose do 25 tisu\u0107a eura, a predvi\u0111aju [&hellip;]","og_url":"https:\/\/esf.hr\/esfplus\/esf-financijski-instrument-mikro-zajmovi-za-rast-i-ukljucenost-prijavite-se\/","og_site_name":"Europski socijalni fond","article_published_time":"2025-05-22T08:42:06+00:00","article_modified_time":"2025-07-15T10:25:20+00:00","og_image":[{"width":715,"height":468,"url":"https:\/\/esf.hr\/esfplus\/wp-content\/uploads\/2025\/05\/ESF-FI-web-banner-04.png","path":"\/home\/esf\/public_html\/esfplus\/wp-content\/uploads\/2025\/05\/ESF-FI-web-banner-04.png","size":"full","id":24414,"alt":"","pixels":334620,"type":"image\/png"}],"twitter_misc":{"Written by":"Vlatka Petri\u0107","Est. reading time":"1 minute"},"schema":{"@context":"https:\/\/schema.org","@graph":[{"@type":"WebSite","@id":"https:\/\/esf.hr\/esfplus\/#website","url":"https:\/\/esf.hr\/esfplus\/","name":"Europski socijalni fond","description":"Program U\u010dinkoviti ljudski potencijali 2021.-2027.","potentialAction":[{"@type":"SearchAction","target":{"@type":"EntryPoint","urlTemplate":"https:\/\/esf.hr\/esfplus\/?s={search_term_string}"},"query-input":"required name=search_term_string"}],"inLanguage":"en-US"},{"@type":"ImageObject","@id":"https:\/\/esf.hr\/esfplus\/esf-financijski-instrument-mikro-zajmovi-za-rast-i-ukljucenost-prijavite-se\/#primaryimage","inLanguage":"en-US","url":"https:\/\/esf.hr\/esfplus\/wp-content\/uploads\/2025\/05\/ESF-FI-web-banner-04.png","contentUrl":"https:\/\/esf.hr\/esfplus\/wp-content\/uploads\/2025\/05\/ESF-FI-web-banner-04.png","width":715,"height":468},{"@type":"WebPage","@id":"https:\/\/esf.hr\/esfplus\/esf-financijski-instrument-mikro-zajmovi-za-rast-i-ukljucenost-prijavite-se\/#webpage","url":"https:\/\/esf.hr\/esfplus\/esf-financijski-instrument-mikro-zajmovi-za-rast-i-ukljucenost-prijavite-se\/","name":"ESF+ financijski instrument \u201eMikro zajmovi za rast i uklju\u010denost\u201d \u2013 Prijavite se! - Europski socijalni fond","isPartOf":{"@id":"https:\/\/esf.hr\/esfplus\/#website"},"primaryImageOfPage":{"@id":"https:\/\/esf.hr\/esfplus\/esf-financijski-instrument-mikro-zajmovi-za-rast-i-ukljucenost-prijavite-se\/#primaryimage"},"datePublished":"2025-05-22T08:42:06+00:00","dateModified":"2025-07-15T10:25:20+00:00","author":{"@id":"https:\/\/esf.hr\/esfplus\/#\/schema\/person\/004c031063b5f0376dabbae898cfb2c2"},"breadcrumb":{"@id":"https:\/\/esf.hr\/esfplus\/esf-financijski-instrument-mikro-zajmovi-za-rast-i-ukljucenost-prijavite-se\/#breadcrumb"},"inLanguage":"en-US","potentialAction":[{"@type":"ReadAction","target":["https:\/\/esf.hr\/esfplus\/esf-financijski-instrument-mikro-zajmovi-za-rast-i-ukljucenost-prijavite-se\/"]}]},{"@type":"BreadcrumbList","@id":"https:\/\/esf.hr\/esfplus\/esf-financijski-instrument-mikro-zajmovi-za-rast-i-ukljucenost-prijavite-se\/#breadcrumb","itemListElement":[{"@type":"ListItem","position":1,"name":"Naslovna","item":"https:\/\/esf.hr\/esfplus\/"},{"@type":"ListItem","position":2,"name":"ESF+ financijski instrument \u201eMikro zajmovi za rast i uklju\u010denost\u201d \u2013 Prijavite se!"}]},{"@type":"Person","@id":"https:\/\/esf.hr\/esfplus\/#\/schema\/person\/004c031063b5f0376dabbae898cfb2c2","name":"Vlatka Petri\u0107","image":{"@type":"ImageObject","@id":"https:\/\/esf.hr\/esfplus\/#personlogo","inLanguage":"en-US","url":"https:\/\/secure.gravatar.com\/avatar\/aa6d892f731abe7a2c9c3dd41790bb14?s=96&d=mm&r=g","contentUrl":"https:\/\/secure.gravatar.com\/avatar\/aa6d892f731abe7a2c9c3dd41790bb14?s=96&d=mm&r=g","caption":"Vlatka Petri\u0107"},"url":"https:\/\/esf.hr\/esfplus\/author\/vlatka-petric\/"}]}},"_links":{"self":[{"href":"https:\/\/esf.hr\/esfplus\/wp-json\/wp\/v2\/posts\/24413"}],"collection":[{"href":"https:\/\/esf.hr\/esfplus\/wp-json\/wp\/v2\/posts"}],"about":[{"href":"https:\/\/esf.hr\/esfplus\/wp-json\/wp\/v2\/types\/post"}],"author":[{"embeddable":true,"href":"https:\/\/esf.hr\/esfplus\/wp-json\/wp\/v2\/users\/1372"}],"replies":[{"embeddable":true,"href":"https:\/\/esf.hr\/esfplus\/wp-json\/wp\/v2\/comments?post=24413"}],"version-history":[{"count":1,"href":"https:\/\/esf.hr\/esfplus\/wp-json\/wp\/v2\/posts\/24413\/revisions"}],"predecessor-version":[{"id":24415,"href":"https:\/\/esf.hr\/esfplus\/wp-json\/wp\/v2\/posts\/24413\/revisions\/24415"}],"wp:featuredmedia":[{"embeddable":true,"href":"https:\/\/esf.hr\/esfplus\/wp-json\/wp\/v2\/media\/24414"}],"wp:attachment":[{"href":"https:\/\/esf.hr\/esfplus\/wp-json\/wp\/v2\/media?parent=24413"}],"wp:term":[{"taxonomy":"category","embeddable":true,"href":"https:\/\/esf.hr\/esfplus\/wp-json\/wp\/v2\/categories?post=24413"},{"taxonomy":"post_tag","embeddable":true,"href":"https:\/\/esf.hr\/esfplus\/wp-json\/wp\/v2\/tags?post=24413"}],"curies":[{"name":"wp","href":"https:\/\/api.w.org\/{rel}","templated":true}]}}