{"id":24373,"date":"2025-05-19T07:56:53","date_gmt":"2025-05-19T05:56:53","guid":{"rendered":"https:\/\/esf.hr\/esfplus\/?p=24373"},"modified":"2025-05-21T15:18:22","modified_gmt":"2025-05-21T13:18:22","slug":"odrzane-informativne-radionice-za-poziv-jacanje-kapaciteta-organizacija-civilnoga-drustva-za-provedbu-programa-aktivnog-starenja-u-pozegi-i-slavonskom-brodu","status":"publish","type":"post","link":"https:\/\/esf.hr\/esfplus\/odrzane-informativne-radionice-za-poziv-jacanje-kapaciteta-organizacija-civilnoga-drustva-za-provedbu-programa-aktivnog-starenja-u-pozegi-i-slavonskom-brodu\/","title":{"rendered":"Odr\u017eane informativne radionice za Poziv &#8220;Ja\u010danje kapaciteta organizacija civilnoga dru\u0161tva za provedbu programa aktivnog starenja\u201d u Po\u017eegi i Slavonskom Brodu"},"content":{"rendered":"\r\n<p><strong>14. svibnja 2025. u prostoru Gradske knji\u017enice Po\u017eega <\/strong>odr\u017eana je \u010detvrta\u00a0po redu informativna radionica za potencijalne prijavitelje za Poziv &#8220;<em>Ja\u010danje kapaciteta organizacija civilnoga dru\u0161tva za provedbu programa aktivnog starenja<\/em>&#8221; objavljen u sklopu Programa U\u010dinkoviti ljudski potencijali 2021.-2027. Europskog socijalnog fonda plus.<br \/><br \/>Informativna radionica za potencijalne prijavitelje za Poziv &#8220;<em>Ja\u010danje kapaciteta organizacija civilnoga dru\u0161tva za provedbu programa aktivnog starenja<\/em>&#8221; <strong>u Slavonskom Brodu odr\u017eana je 15.svibnja 2025.<\/strong> u dvorani Gradske knji\u017enice Slavonski Brod.<\/p>\r\n\r\n\r\n\r\n<p>Polaznicima radionica predstavljena je natje\u010dajna dokumentacija uz detaljna poja\u0161njenja i upute, te su upoznati sa postupkom podno\u0161enja projektne prijave preko sustava eKohezija.<\/p>\r\n\r\n\r\n\r\n<p>Na obje radionice prisustvovalo je oko 50 sudionika kojima su se, uz djelatnice Ureda za udruge koje su vodile informativnu radionicu i djelatnike Nacionalne zaklade za razvoj civilnoga dru\u0161tva koji su odgovarali na pitanja potencijalnih prijavitelja, uvodno\u00a0obratili <strong>Helena Beus,<\/strong> ovla\u0161tena za obavljanje poslova ravnatelja Ureda za udruge i <strong>Mario Beko<\/strong>, pomo\u0107nik Upraviteljice Nacionalne zaklade za razvoj civilnoga dru\u0161tva te za\u017eeljeli svima prisutnima uspje\u0161nu prijavu na Poziv.<\/p>\r\n\r\n\r\n\r\n<p>Prezentacije s odr\u017eanih radionica mo\u017eete prona\u0107i:<\/p>\r\n\r\n\r\n\r\n<p><a href=\"https:\/\/udruge.gov.hr\/UserDocsImages\/dokumenti\/Po%C5%BEega%20_ESF-Ja%C4%8Danje%20kapaciteta%20OCD-a%20za%20provedbu%20programa%20aktivnog%20starenja.pdf\">14. svibnja \u00a02025. Po\u017eega<\/a><\/p>\r\n\r\n\r\n\r\n<p><a href=\"https:\/\/udruge.gov.hr\/UserDocsImages\/dokumenti\/Slavonski%20Brod%20_ESF-Ja%C4%8Danje%20kapaciteta%20OCD-a%20za%20provedbu%20programa%20aktivnog%20starenja.pdf\">15. svibnja 2025. Slavonski Brod<\/a><\/p>\r\n\r\n\r\n\r\n<figure class=\"wp-block-gallery columns-3 is-cropped\">\r\n<ul class=\"blocks-gallery-grid\">\r\n<li class=\"blocks-gallery-item\">\r\n<figure><a href=\"https:\/\/esf.hr\/esfplus\/wp-content\/uploads\/2025\/05\/20250515_100451.jpg\" data-rel=\"photo_group-gallery-vpjOEsw1\" data-rl_title=\"\" data-rl_caption=\"\" title=\"\"><img loading=\"lazy\" width=\"750\" height=\"500\" class=\"wp-image-24374\" src=\"https:\/\/esf.hr\/esfplus\/wp-content\/uploads\/2025\/05\/20250515_100451.jpg\" alt=\"\" data-id=\"24374\" data-full-url=\"https:\/\/esf.hr\/esfplus\/wp-content\/uploads\/2025\/05\/20250515_100451.jpg\" data-link=\"https:\/\/esf.hr\/esfplus\/?attachment_id=24374\" srcset=\"https:\/\/esf.hr\/esfplus\/wp-content\/uploads\/2025\/05\/20250515_100451.jpg 750w, https:\/\/esf.hr\/esfplus\/wp-content\/uploads\/2025\/05\/20250515_100451-300x200.jpg 300w\" sizes=\"(max-width: 750px) 100vw, 750px\" \/><\/a><\/figure>\r\n<\/li>\r\n<li class=\"blocks-gallery-item\">\r\n<figure><a href=\"https:\/\/esf.hr\/esfplus\/wp-content\/uploads\/2025\/05\/IMG_20250514_110634.jpg\" data-rel=\"photo_group-gallery-vpjOEsw1\" data-rl_title=\"\" data-rl_caption=\"\" title=\"\"><img loading=\"lazy\" width=\"750\" height=\"500\" class=\"wp-image-24375\" src=\"https:\/\/esf.hr\/esfplus\/wp-content\/uploads\/2025\/05\/IMG_20250514_110634.jpg\" alt=\"\" data-id=\"24375\" data-full-url=\"https:\/\/esf.hr\/esfplus\/wp-content\/uploads\/2025\/05\/IMG_20250514_110634.jpg\" data-link=\"https:\/\/esf.hr\/esfplus\/?attachment_id=24375\" srcset=\"https:\/\/esf.hr\/esfplus\/wp-content\/uploads\/2025\/05\/IMG_20250514_110634.jpg 750w, https:\/\/esf.hr\/esfplus\/wp-content\/uploads\/2025\/05\/IMG_20250514_110634-300x200.jpg 300w\" sizes=\"(max-width: 750px) 100vw, 750px\" \/><\/a><\/figure>\r\n<\/li>\r\n<li class=\"blocks-gallery-item\">\r\n<figure><a href=\"https:\/\/esf.hr\/esfplus\/wp-content\/uploads\/2025\/05\/IMG_20250514_112828.jpg\" data-rel=\"photo_group-gallery-vpjOEsw1\" data-rl_title=\"\" data-rl_caption=\"\" title=\"\"><img loading=\"lazy\" width=\"750\" height=\"500\" class=\"wp-image-24376\" src=\"https:\/\/esf.hr\/esfplus\/wp-content\/uploads\/2025\/05\/IMG_20250514_112828.jpg\" alt=\"\" data-id=\"24376\" data-full-url=\"https:\/\/esf.hr\/esfplus\/wp-content\/uploads\/2025\/05\/IMG_20250514_112828.jpg\" data-link=\"https:\/\/esf.hr\/esfplus\/?attachment_id=24376\" srcset=\"https:\/\/esf.hr\/esfplus\/wp-content\/uploads\/2025\/05\/IMG_20250514_112828.jpg 750w, https:\/\/esf.hr\/esfplus\/wp-content\/uploads\/2025\/05\/IMG_20250514_112828-300x200.jpg 300w\" sizes=\"(max-width: 750px) 100vw, 750px\" \/><\/a><\/figure>\r\n<\/li>\r\n<li class=\"blocks-gallery-item\">\r\n<figure><a href=\"https:\/\/esf.hr\/esfplus\/wp-content\/uploads\/2025\/05\/IMG_20250515_102739.jpg\" data-rel=\"photo_group-gallery-vpjOEsw1\" data-rl_title=\"\" data-rl_caption=\"\" title=\"\"><img loading=\"lazy\" width=\"750\" height=\"500\" class=\"wp-image-24377\" src=\"https:\/\/esf.hr\/esfplus\/wp-content\/uploads\/2025\/05\/IMG_20250515_102739.jpg\" alt=\"\" data-id=\"24377\" data-full-url=\"https:\/\/esf.hr\/esfplus\/wp-content\/uploads\/2025\/05\/IMG_20250515_102739.jpg\" data-link=\"https:\/\/esf.hr\/esfplus\/?attachment_id=24377\" srcset=\"https:\/\/esf.hr\/esfplus\/wp-content\/uploads\/2025\/05\/IMG_20250515_102739.jpg 750w, https:\/\/esf.hr\/esfplus\/wp-content\/uploads\/2025\/05\/IMG_20250515_102739-300x200.jpg 300w\" sizes=\"(max-width: 750px) 100vw, 750px\" \/><\/a><\/figure>\r\n<\/li>\r\n<li class=\"blocks-gallery-item\">\r\n<figure><a href=\"https:\/\/esf.hr\/esfplus\/wp-content\/uploads\/2025\/05\/IMG_20250515_112932.jpg\" data-rel=\"photo_group-gallery-vpjOEsw1\" data-rl_title=\"\" data-rl_caption=\"\" title=\"\"><img loading=\"lazy\" width=\"750\" height=\"500\" class=\"wp-image-24378\" src=\"https:\/\/esf.hr\/esfplus\/wp-content\/uploads\/2025\/05\/IMG_20250515_112932.jpg\" alt=\"\" data-id=\"24378\" data-full-url=\"https:\/\/esf.hr\/esfplus\/wp-content\/uploads\/2025\/05\/IMG_20250515_112932.jpg\" data-link=\"https:\/\/esf.hr\/esfplus\/?attachment_id=24378\" srcset=\"https:\/\/esf.hr\/esfplus\/wp-content\/uploads\/2025\/05\/IMG_20250515_112932.jpg 750w, https:\/\/esf.hr\/esfplus\/wp-content\/uploads\/2025\/05\/IMG_20250515_112932-300x200.jpg 300w\" sizes=\"(max-width: 750px) 100vw, 750px\" \/><\/a><\/figure>\r\n<\/li>\r\n<\/ul>\r\n<\/figure>\r\n","protected":false},"excerpt":{"rendered":"<p>14. svibnja 2025. u prostoru Gradske knji\u017enice Po\u017eega odr\u017eana je \u010detvrta\u00a0po redu informativna radionica za potencijalne prijavitelje za Poziv &#8220;Ja\u010danje kapaciteta organizacija civilnoga dru\u0161tva za provedbu programa aktivnog starenja&#8221; objavljen u sklopu Programa U\u010dinkoviti ljudski potencijali 2021.-2027. Europskog socijalnog fonda plus. Informativna radionica za potencijalne prijavitelje za Poziv &#8220;Ja\u010danje kapaciteta organizacija civilnoga dru\u0161tva za provedbu [&hellip;]<\/p>\n","protected":false},"author":1358,"featured_media":24379,"comment_status":"closed","ping_status":"closed","sticky":false,"template":"","format":"standard","meta":{"_monsterinsights_skip_tracking":false,"_monsterinsights_sitenote_active":false,"_monsterinsights_sitenote_note":"","_monsterinsights_sitenote_category":0,"cybocfi_hide_featured_image":""},"categories":[222],"tags":[],"yoast_head":"<!-- This site is optimized with the Yoast SEO plugin v16.8 - https:\/\/yoast.com\/wordpress\/plugins\/seo\/ -->\n<title>Odr\u017eane informativne radionice za Poziv &quot;Ja\u010danje kapaciteta organizacija civilnoga dru\u0161tva za provedbu programa aktivnog starenja\u201d u Po\u017eegi i Slavonskom Brodu - Europski socijalni fond<\/title>\n<meta name=\"robots\" content=\"index, follow, max-snippet:-1, max-image-preview:large, max-video-preview:-1\" \/>\n<link rel=\"canonical\" href=\"https:\/\/esf.hr\/esfplus\/odrzane-informativne-radionice-za-poziv-jacanje-kapaciteta-organizacija-civilnoga-drustva-za-provedbu-programa-aktivnog-starenja-u-pozegi-i-slavonskom-brodu\/\" \/>\n<meta property=\"og:locale\" content=\"en_US\" \/>\n<meta property=\"og:type\" content=\"article\" \/>\n<meta property=\"og:title\" content=\"Odr\u017eane informativne radionice za Poziv &quot;Ja\u010danje kapaciteta organizacija civilnoga dru\u0161tva za provedbu programa aktivnog starenja\u201d u Po\u017eegi i Slavonskom Brodu - Europski socijalni fond\" \/>\n<meta property=\"og:description\" content=\"14. svibnja 2025. u prostoru Gradske knji\u017enice Po\u017eega odr\u017eana je \u010detvrta\u00a0po redu informativna radionica za potencijalne prijavitelje za Poziv &#8220;Ja\u010danje kapaciteta organizacija civilnoga dru\u0161tva za provedbu programa aktivnog starenja&#8221; objavljen u sklopu Programa U\u010dinkoviti ljudski potencijali 2021.-2027. Europskog socijalnog fonda plus. Informativna radionica za potencijalne prijavitelje za Poziv &#8220;Ja\u010danje kapaciteta organizacija civilnoga dru\u0161tva za provedbu [&hellip;]\" \/>\n<meta property=\"og:url\" content=\"https:\/\/esf.hr\/esfplus\/odrzane-informativne-radionice-za-poziv-jacanje-kapaciteta-organizacija-civilnoga-drustva-za-provedbu-programa-aktivnog-starenja-u-pozegi-i-slavonskom-brodu\/\" \/>\n<meta property=\"og:site_name\" content=\"Europski socijalni fond\" \/>\n<meta property=\"article:published_time\" content=\"2025-05-19T05:56:53+00:00\" \/>\n<meta property=\"article:modified_time\" content=\"2025-05-21T13:18:22+00:00\" \/>\n<meta property=\"og:image\" content=\"https:\/\/esf.hr\/esfplus\/wp-content\/uploads\/2025\/05\/IMG_20250514_110356.jpg\" \/>\n\t<meta property=\"og:image:width\" content=\"750\" \/>\n\t<meta property=\"og:image:height\" content=\"562\" \/>\n<meta name=\"twitter:label1\" content=\"Written by\" \/>\n\t<meta name=\"twitter:data1\" content=\"\u0160tefica Bel\u010di\u0107\" \/>\n\t<meta name=\"twitter:label2\" content=\"Est. reading time\" \/>\n\t<meta name=\"twitter:data2\" content=\"1 minute\" \/>\n<script type=\"application\/ld+json\" class=\"yoast-schema-graph\">{\"@context\":\"https:\/\/schema.org\",\"@graph\":[{\"@type\":\"WebSite\",\"@id\":\"https:\/\/esf.hr\/esfplus\/#website\",\"url\":\"https:\/\/esf.hr\/esfplus\/\",\"name\":\"Europski socijalni fond\",\"description\":\"Program U\\u010dinkoviti ljudski potencijali 2021.-2027.\",\"potentialAction\":[{\"@type\":\"SearchAction\",\"target\":{\"@type\":\"EntryPoint\",\"urlTemplate\":\"https:\/\/esf.hr\/esfplus\/?s={search_term_string}\"},\"query-input\":\"required name=search_term_string\"}],\"inLanguage\":\"en-US\"},{\"@type\":\"ImageObject\",\"@id\":\"https:\/\/esf.hr\/esfplus\/odrzane-informativne-radionice-za-poziv-jacanje-kapaciteta-organizacija-civilnoga-drustva-za-provedbu-programa-aktivnog-starenja-u-pozegi-i-slavonskom-brodu\/#primaryimage\",\"inLanguage\":\"en-US\",\"url\":\"https:\/\/esf.hr\/esfplus\/wp-content\/uploads\/2025\/05\/IMG_20250514_110356.jpg\",\"contentUrl\":\"https:\/\/esf.hr\/esfplus\/wp-content\/uploads\/2025\/05\/IMG_20250514_110356.jpg\",\"width\":750,\"height\":562},{\"@type\":\"WebPage\",\"@id\":\"https:\/\/esf.hr\/esfplus\/odrzane-informativne-radionice-za-poziv-jacanje-kapaciteta-organizacija-civilnoga-drustva-za-provedbu-programa-aktivnog-starenja-u-pozegi-i-slavonskom-brodu\/#webpage\",\"url\":\"https:\/\/esf.hr\/esfplus\/odrzane-informativne-radionice-za-poziv-jacanje-kapaciteta-organizacija-civilnoga-drustva-za-provedbu-programa-aktivnog-starenja-u-pozegi-i-slavonskom-brodu\/\",\"name\":\"Odr\\u017eane informativne radionice za Poziv \\\"Ja\\u010danje kapaciteta organizacija civilnoga dru\\u0161tva za provedbu programa aktivnog starenja\\u201d u Po\\u017eegi i Slavonskom Brodu - Europski socijalni fond\",\"isPartOf\":{\"@id\":\"https:\/\/esf.hr\/esfplus\/#website\"},\"primaryImageOfPage\":{\"@id\":\"https:\/\/esf.hr\/esfplus\/odrzane-informativne-radionice-za-poziv-jacanje-kapaciteta-organizacija-civilnoga-drustva-za-provedbu-programa-aktivnog-starenja-u-pozegi-i-slavonskom-brodu\/#primaryimage\"},\"datePublished\":\"2025-05-19T05:56:53+00:00\",\"dateModified\":\"2025-05-21T13:18:22+00:00\",\"author\":{\"@id\":\"https:\/\/esf.hr\/esfplus\/#\/schema\/person\/3535b76a5031c505bd16a121570b2e64\"},\"breadcrumb\":{\"@id\":\"https:\/\/esf.hr\/esfplus\/odrzane-informativne-radionice-za-poziv-jacanje-kapaciteta-organizacija-civilnoga-drustva-za-provedbu-programa-aktivnog-starenja-u-pozegi-i-slavonskom-brodu\/#breadcrumb\"},\"inLanguage\":\"en-US\",\"potentialAction\":[{\"@type\":\"ReadAction\",\"target\":[\"https:\/\/esf.hr\/esfplus\/odrzane-informativne-radionice-za-poziv-jacanje-kapaciteta-organizacija-civilnoga-drustva-za-provedbu-programa-aktivnog-starenja-u-pozegi-i-slavonskom-brodu\/\"]}]},{\"@type\":\"BreadcrumbList\",\"@id\":\"https:\/\/esf.hr\/esfplus\/odrzane-informativne-radionice-za-poziv-jacanje-kapaciteta-organizacija-civilnoga-drustva-za-provedbu-programa-aktivnog-starenja-u-pozegi-i-slavonskom-brodu\/#breadcrumb\",\"itemListElement\":[{\"@type\":\"ListItem\",\"position\":1,\"name\":\"Naslovna\",\"item\":\"https:\/\/esf.hr\/esfplus\/\"},{\"@type\":\"ListItem\",\"position\":2,\"name\":\"Odr\\u017eane informativne radionice za Poziv &#8220;Ja\\u010danje kapaciteta organizacija civilnoga dru\\u0161tva za provedbu programa aktivnog starenja\\u201d u Po\\u017eegi i Slavonskom Brodu\"}]},{\"@type\":\"Person\",\"@id\":\"https:\/\/esf.hr\/esfplus\/#\/schema\/person\/3535b76a5031c505bd16a121570b2e64\",\"name\":\"\\u0160tefica Bel\\u010di\\u0107\",\"image\":{\"@type\":\"ImageObject\",\"@id\":\"https:\/\/esf.hr\/esfplus\/#personlogo\",\"inLanguage\":\"en-US\",\"url\":\"https:\/\/secure.gravatar.com\/avatar\/28ce945ff355095f5c5d8522c6678e81?s=96&d=mm&r=g\",\"contentUrl\":\"https:\/\/secure.gravatar.com\/avatar\/28ce945ff355095f5c5d8522c6678e81?s=96&d=mm&r=g\",\"caption\":\"\\u0160tefica Bel\\u010di\\u0107\"},\"sameAs\":[\"vlatka.petric\"],\"url\":\"https:\/\/esf.hr\/esfplus\/author\/stefica-belcic\/\"}]}<\/script>\n<!-- \/ Yoast SEO plugin. -->","yoast_head_json":{"title":"Odr\u017eane informativne radionice za Poziv \"Ja\u010danje kapaciteta organizacija civilnoga dru\u0161tva za provedbu programa aktivnog starenja\u201d u Po\u017eegi i Slavonskom Brodu - Europski socijalni fond","robots":{"index":"index","follow":"follow","max-snippet":"max-snippet:-1","max-image-preview":"max-image-preview:large","max-video-preview":"max-video-preview:-1"},"canonical":"https:\/\/esf.hr\/esfplus\/odrzane-informativne-radionice-za-poziv-jacanje-kapaciteta-organizacija-civilnoga-drustva-za-provedbu-programa-aktivnog-starenja-u-pozegi-i-slavonskom-brodu\/","og_locale":"en_US","og_type":"article","og_title":"Odr\u017eane informativne radionice za Poziv \"Ja\u010danje kapaciteta organizacija civilnoga dru\u0161tva za provedbu programa aktivnog starenja\u201d u Po\u017eegi i Slavonskom Brodu - Europski socijalni fond","og_description":"14. svibnja 2025. u prostoru Gradske knji\u017enice Po\u017eega odr\u017eana je \u010detvrta\u00a0po redu informativna radionica za potencijalne prijavitelje za Poziv &#8220;Ja\u010danje kapaciteta organizacija civilnoga dru\u0161tva za provedbu programa aktivnog starenja&#8221; objavljen u sklopu Programa U\u010dinkoviti ljudski potencijali 2021.-2027. Europskog socijalnog fonda plus. Informativna radionica za potencijalne prijavitelje za Poziv &#8220;Ja\u010danje kapaciteta organizacija civilnoga dru\u0161tva za provedbu [&hellip;]","og_url":"https:\/\/esf.hr\/esfplus\/odrzane-informativne-radionice-za-poziv-jacanje-kapaciteta-organizacija-civilnoga-drustva-za-provedbu-programa-aktivnog-starenja-u-pozegi-i-slavonskom-brodu\/","og_site_name":"Europski socijalni fond","article_published_time":"2025-05-19T05:56:53+00:00","article_modified_time":"2025-05-21T13:18:22+00:00","og_image":[{"width":750,"height":562,"url":"https:\/\/esf.hr\/esfplus\/wp-content\/uploads\/2025\/05\/IMG_20250514_110356.jpg","path":"\/home\/esf\/public_html\/esfplus\/wp-content\/uploads\/2025\/05\/IMG_20250514_110356.jpg","size":"full","id":24379,"alt":"","pixels":421500,"type":"image\/jpeg"}],"twitter_misc":{"Written by":"\u0160tefica Bel\u010di\u0107","Est. reading time":"1 minute"},"schema":{"@context":"https:\/\/schema.org","@graph":[{"@type":"WebSite","@id":"https:\/\/esf.hr\/esfplus\/#website","url":"https:\/\/esf.hr\/esfplus\/","name":"Europski socijalni fond","description":"Program U\u010dinkoviti ljudski potencijali 2021.-2027.","potentialAction":[{"@type":"SearchAction","target":{"@type":"EntryPoint","urlTemplate":"https:\/\/esf.hr\/esfplus\/?s={search_term_string}"},"query-input":"required name=search_term_string"}],"inLanguage":"en-US"},{"@type":"ImageObject","@id":"https:\/\/esf.hr\/esfplus\/odrzane-informativne-radionice-za-poziv-jacanje-kapaciteta-organizacija-civilnoga-drustva-za-provedbu-programa-aktivnog-starenja-u-pozegi-i-slavonskom-brodu\/#primaryimage","inLanguage":"en-US","url":"https:\/\/esf.hr\/esfplus\/wp-content\/uploads\/2025\/05\/IMG_20250514_110356.jpg","contentUrl":"https:\/\/esf.hr\/esfplus\/wp-content\/uploads\/2025\/05\/IMG_20250514_110356.jpg","width":750,"height":562},{"@type":"WebPage","@id":"https:\/\/esf.hr\/esfplus\/odrzane-informativne-radionice-za-poziv-jacanje-kapaciteta-organizacija-civilnoga-drustva-za-provedbu-programa-aktivnog-starenja-u-pozegi-i-slavonskom-brodu\/#webpage","url":"https:\/\/esf.hr\/esfplus\/odrzane-informativne-radionice-za-poziv-jacanje-kapaciteta-organizacija-civilnoga-drustva-za-provedbu-programa-aktivnog-starenja-u-pozegi-i-slavonskom-brodu\/","name":"Odr\u017eane informativne radionice za Poziv \"Ja\u010danje kapaciteta organizacija civilnoga dru\u0161tva za provedbu programa aktivnog starenja\u201d u Po\u017eegi i Slavonskom Brodu - Europski socijalni fond","isPartOf":{"@id":"https:\/\/esf.hr\/esfplus\/#website"},"primaryImageOfPage":{"@id":"https:\/\/esf.hr\/esfplus\/odrzane-informativne-radionice-za-poziv-jacanje-kapaciteta-organizacija-civilnoga-drustva-za-provedbu-programa-aktivnog-starenja-u-pozegi-i-slavonskom-brodu\/#primaryimage"},"datePublished":"2025-05-19T05:56:53+00:00","dateModified":"2025-05-21T13:18:22+00:00","author":{"@id":"https:\/\/esf.hr\/esfplus\/#\/schema\/person\/3535b76a5031c505bd16a121570b2e64"},"breadcrumb":{"@id":"https:\/\/esf.hr\/esfplus\/odrzane-informativne-radionice-za-poziv-jacanje-kapaciteta-organizacija-civilnoga-drustva-za-provedbu-programa-aktivnog-starenja-u-pozegi-i-slavonskom-brodu\/#breadcrumb"},"inLanguage":"en-US","potentialAction":[{"@type":"ReadAction","target":["https:\/\/esf.hr\/esfplus\/odrzane-informativne-radionice-za-poziv-jacanje-kapaciteta-organizacija-civilnoga-drustva-za-provedbu-programa-aktivnog-starenja-u-pozegi-i-slavonskom-brodu\/"]}]},{"@type":"BreadcrumbList","@id":"https:\/\/esf.hr\/esfplus\/odrzane-informativne-radionice-za-poziv-jacanje-kapaciteta-organizacija-civilnoga-drustva-za-provedbu-programa-aktivnog-starenja-u-pozegi-i-slavonskom-brodu\/#breadcrumb","itemListElement":[{"@type":"ListItem","position":1,"name":"Naslovna","item":"https:\/\/esf.hr\/esfplus\/"},{"@type":"ListItem","position":2,"name":"Odr\u017eane informativne radionice za Poziv &#8220;Ja\u010danje kapaciteta organizacija civilnoga dru\u0161tva za provedbu programa aktivnog starenja\u201d u Po\u017eegi i Slavonskom Brodu"}]},{"@type":"Person","@id":"https:\/\/esf.hr\/esfplus\/#\/schema\/person\/3535b76a5031c505bd16a121570b2e64","name":"\u0160tefica Bel\u010di\u0107","image":{"@type":"ImageObject","@id":"https:\/\/esf.hr\/esfplus\/#personlogo","inLanguage":"en-US","url":"https:\/\/secure.gravatar.com\/avatar\/28ce945ff355095f5c5d8522c6678e81?s=96&d=mm&r=g","contentUrl":"https:\/\/secure.gravatar.com\/avatar\/28ce945ff355095f5c5d8522c6678e81?s=96&d=mm&r=g","caption":"\u0160tefica Bel\u010di\u0107"},"sameAs":["vlatka.petric"],"url":"https:\/\/esf.hr\/esfplus\/author\/stefica-belcic\/"}]}},"_links":{"self":[{"href":"https:\/\/esf.hr\/esfplus\/wp-json\/wp\/v2\/posts\/24373"}],"collection":[{"href":"https:\/\/esf.hr\/esfplus\/wp-json\/wp\/v2\/posts"}],"about":[{"href":"https:\/\/esf.hr\/esfplus\/wp-json\/wp\/v2\/types\/post"}],"author":[{"embeddable":true,"href":"https:\/\/esf.hr\/esfplus\/wp-json\/wp\/v2\/users\/1358"}],"replies":[{"embeddable":true,"href":"https:\/\/esf.hr\/esfplus\/wp-json\/wp\/v2\/comments?post=24373"}],"version-history":[{"count":2,"href":"https:\/\/esf.hr\/esfplus\/wp-json\/wp\/v2\/posts\/24373\/revisions"}],"predecessor-version":[{"id":24396,"href":"https:\/\/esf.hr\/esfplus\/wp-json\/wp\/v2\/posts\/24373\/revisions\/24396"}],"wp:featuredmedia":[{"embeddable":true,"href":"https:\/\/esf.hr\/esfplus\/wp-json\/wp\/v2\/media\/24379"}],"wp:attachment":[{"href":"https:\/\/esf.hr\/esfplus\/wp-json\/wp\/v2\/media?parent=24373"}],"wp:term":[{"taxonomy":"category","embeddable":true,"href":"https:\/\/esf.hr\/esfplus\/wp-json\/wp\/v2\/categories?post=24373"},{"taxonomy":"post_tag","embeddable":true,"href":"https:\/\/esf.hr\/esfplus\/wp-json\/wp\/v2\/tags?post=24373"}],"curies":[{"name":"wp","href":"https:\/\/api.w.org\/{rel}","templated":true}]}}