{"id":24266,"date":"2025-05-05T15:31:47","date_gmt":"2025-05-05T13:31:47","guid":{"rendered":"https:\/\/esf.hr\/esfplus\/?p=24266"},"modified":"2025-05-06T12:43:15","modified_gmt":"2025-05-06T10:43:15","slug":"u-sibeniku-predstavljen-esf","status":"publish","type":"post","link":"https:\/\/esf.hr\/esfplus\/u-sibeniku-predstavljen-esf\/","title":{"rendered":"U \u0160ibeniku predstavljeni aktualni ESF+ pozivi"},"content":{"rendered":"\r\n<p>U \u0160ibeniku je u ponedjeljak, <strong>5. svibnja 2025. godine<\/strong>, u organizaciji Ministarstva rada, mirovinskoga sustava, obitelji i socijalne politike odr\u017eana\u00a0<strong>promocija Programa U\u010dinkoviti ljudski potencijali 2021.-2027.<\/strong><\/p>\r\n\r\n\r\n\r\n<p>Uz uvodno obra\u0107anje ministra rada, mirovinskoga sustava, obitelji i socijalne politike <strong>Marina Pileti\u0107a<\/strong>, sudionicima se, ispred doma\u0107ina, obratio pro\u010delnik \u0160ibensko-kninske \u017eupanije gospodin<strong> Ante \u010cupi\u0107<\/strong>.<\/p>\r\n\r\n\r\n\r\n<p>Rije\u010d je o ulaganjima usmjerenima na inkluzivno tr\u017ei\u0161te rada i poticanje zapo\u0161ljavanja te zapo\u0161ljavanje mladih, obrazovanje i cjelo\u017eivotno u\u010denje, socijalno uklju\u010divanje, zdravstvo, socijalne inovacije te borbu protiv materijalne deprivacije. Ukupna vrijednost ESF+ Programa iznosi 2,3 milijarde eura, a dosad je u okviru PULJP-a objavljeno 36<strong>\u00a0<\/strong>Poziva na dostavu projektnih prijedloga ukupne vrijednosti 1,1 milijardu eura.<\/p>\r\n\r\n\r\n\r\n<p>Ministar Pileti\u0107 istaknuo je kako je <strong>u ovoj godini planirana objava ukupno 41 poziva u vrijednosti 1,3 milijarde eura<\/strong>, usmjerenih na klju\u010dna podru\u010dja poput cjelo\u017eivotnog obrazovanja, deinstitucionalizacije, digitalizacije javnih usluga, podr\u0161ke najpotrebitijima te profesionalnom usavr\u0161avanju, osobito u sustavu socijalne skrbi, obrazovanju i zdravstvu.<\/p>\r\n\r\n\r\n\r\n<p>Kroz zanimljive panel rasprave, sudionici su imali prilike detaljnije se informirati o svim podru\u010djima ulaganja sredstava iz ESF+. Predstavljene su mogu\u0107nosti financiranja, aktualni ESF+ pozivi, financijski instrumenti, kao i o\u010dekivani Pozivi do kraja 2025.<\/p>\r\n<figure class=\"wp-block-gallery columns-3 is-cropped\"><ul class=\"blocks-gallery-grid\"><li class=\"blocks-gallery-item\"><figure><a href=\"https:\/\/esf.hr\/esfplus\/wp-content\/uploads\/2025\/05\/1000021159.jpg\" rel=\"photo_group\" role=\"link\"><img loading=\"lazy\" src=\"https:\/\/esf.hr\/esfplus\/wp-content\/uploads\/2025\/05\/1000021159.jpg\" alt=\"\" data-id=\"24271\" data-full-url=\"https:\/\/esf.hr\/esfplus\/wp-content\/uploads\/2025\/05\/1000021159.jpg\" srcset=\"https:\/\/esf.hr\/esfplus\/wp-content\/uploads\/2025\/05\/1000021159.jpg 2312w, https:\/\/esf.hr\/esfplus\/wp-content\/uploads\/2025\/05\/1000021159-300x169.jpg 300w, https:\/\/esf.hr\/esfplus\/wp-content\/uploads\/2025\/05\/1000021159-1024x577.jpg 1024w, https:\/\/esf.hr\/esfplus\/wp-content\/uploads\/2025\/05\/1000021159-768x432.jpg 768w, https:\/\/esf.hr\/esfplus\/wp-content\/uploads\/2025\/05\/1000021159-1536x865.jpg 1536w, https:\/\/esf.hr\/esfplus\/wp-content\/uploads\/2025\/05\/1000021159-2048x1153.jpg 2048w, https:\/\/esf.hr\/esfplus\/wp-content\/uploads\/2025\/05\/1000021159-1000x563.jpg 1000w\"><\/a><\/figure><\/li><li class=\"blocks-gallery-item\"><figure><a href=\"https:\/\/esf.hr\/esfplus\/wp-content\/uploads\/2025\/05\/1000021156-rotated.jpg\" rel=\"photo_group\" role=\"link\"><img loading=\"lazy\" src=\"https:\/\/esf.hr\/esfplus\/wp-content\/uploads\/2025\/05\/1000021156-rotated.jpg\" alt=\"\" data-id=\"24270\" data-full-url=\"https:\/\/esf.hr\/esfplus\/wp-content\/uploads\/2025\/05\/1000021156-rotated.jpg\" srcset=\"https:\/\/esf.hr\/esfplus\/wp-content\/uploads\/2025\/05\/1000021156-rotated.jpg 1302w, https:\/\/esf.hr\/esfplus\/wp-content\/uploads\/2025\/05\/1000021156-169x300.jpg 169w, https:\/\/esf.hr\/esfplus\/wp-content\/uploads\/2025\/05\/1000021156-577x1024.jpg 577w, https:\/\/esf.hr\/esfplus\/wp-content\/uploads\/2025\/05\/1000021156-768x1364.jpg 768w, https:\/\/esf.hr\/esfplus\/wp-content\/uploads\/2025\/05\/1000021156-865x1536.jpg 865w, https:\/\/esf.hr\/esfplus\/wp-content\/uploads\/2025\/05\/1000021156-1153x2048.jpg 1153w, https:\/\/esf.hr\/esfplus\/wp-content\/uploads\/2025\/05\/1000021156-1000x1776.jpg 1000w\"><\/a><\/figure><\/li><li class=\"blocks-gallery-item\"><figure><a href=\"https:\/\/esf.hr\/esfplus\/wp-content\/uploads\/2025\/05\/1000021148-scaled.jpg\" rel=\"photo_group\" role=\"link\"><img loading=\"lazy\" src=\"https:\/\/esf.hr\/esfplus\/wp-content\/uploads\/2025\/05\/1000021148-scaled.jpg\" alt=\"\" data-id=\"24269\" data-full-url=\"https:\/\/esf.hr\/esfplus\/wp-content\/uploads\/2025\/05\/1000021148-scaled.jpg\" srcset=\"https:\/\/esf.hr\/esfplus\/wp-content\/uploads\/2025\/05\/1000021148-scaled.jpg 1762w, https:\/\/esf.hr\/esfplus\/wp-content\/uploads\/2025\/05\/1000021148-206x300.jpg 206w, https:\/\/esf.hr\/esfplus\/wp-content\/uploads\/2025\/05\/1000021148-705x1024.jpg 705w, https:\/\/esf.hr\/esfplus\/wp-content\/uploads\/2025\/05\/1000021148-768x1116.jpg 768w, https:\/\/esf.hr\/esfplus\/wp-content\/uploads\/2025\/05\/1000021148-1057x1536.jpg 1057w, https:\/\/esf.hr\/esfplus\/wp-content\/uploads\/2025\/05\/1000021148-1410x2048.jpg 1410w, https:\/\/esf.hr\/esfplus\/wp-content\/uploads\/2025\/05\/1000021148-1000x1453.jpg 1000w\"><\/a><\/figure><\/li><li class=\"blocks-gallery-item\"><figure><a href=\"https:\/\/esf.hr\/esfplus\/wp-content\/uploads\/2025\/05\/1000021181.jpg\" rel=\"photo_group\" role=\"link\"><img loading=\"lazy\" src=\"https:\/\/esf.hr\/esfplus\/wp-content\/uploads\/2025\/05\/1000021181.jpg\" alt=\"\" data-id=\"24273\" data-full-url=\"https:\/\/esf.hr\/esfplus\/wp-content\/uploads\/2025\/05\/1000021181.jpg\" srcset=\"https:\/\/esf.hr\/esfplus\/wp-content\/uploads\/2025\/05\/1000021181.jpg 2312w, https:\/\/esf.hr\/esfplus\/wp-content\/uploads\/2025\/05\/1000021181-300x169.jpg 300w, https:\/\/esf.hr\/esfplus\/wp-content\/uploads\/2025\/05\/1000021181-1024x577.jpg 1024w, https:\/\/esf.hr\/esfplus\/wp-content\/uploads\/2025\/05\/1000021181-768x432.jpg 768w, https:\/\/esf.hr\/esfplus\/wp-content\/uploads\/2025\/05\/1000021181-1536x865.jpg 1536w, https:\/\/esf.hr\/esfplus\/wp-content\/uploads\/2025\/05\/1000021181-2048x1153.jpg 2048w, https:\/\/esf.hr\/esfplus\/wp-content\/uploads\/2025\/05\/1000021181-1000x563.jpg 1000w\"><\/a><\/figure><\/li><\/ul><\/figure>\r\n","protected":false},"excerpt":{"rendered":"<p>U \u0160ibeniku je u ponedjeljak, 5. svibnja 2025. godine, u organizaciji Ministarstva rada, mirovinskoga sustava, obitelji i socijalne politike odr\u017eana\u00a0promocija Programa U\u010dinkoviti ljudski potencijali 2021.-2027. Uz uvodno obra\u0107anje ministra rada, mirovinskoga sustava, obitelji i socijalne politike Marina Pileti\u0107a, sudionicima se, ispred doma\u0107ina, obratio pro\u010delnik \u0160ibensko-kninske \u017eupanije gospodin Ante \u010cupi\u0107. Rije\u010d je o ulaganjima usmjerenima na [&hellip;]<\/p>\n","protected":false},"author":1358,"featured_media":24272,"comment_status":"closed","ping_status":"closed","sticky":false,"template":"","format":"standard","meta":{"_monsterinsights_skip_tracking":false,"_monsterinsights_sitenote_active":false,"_monsterinsights_sitenote_note":"","_monsterinsights_sitenote_category":0,"cybocfi_hide_featured_image":""},"categories":[222],"tags":[],"yoast_head":"<!-- This site is optimized with the Yoast SEO plugin v16.8 - https:\/\/yoast.com\/wordpress\/plugins\/seo\/ -->\n<title>U \u0160ibeniku predstavljeni aktualni ESF+ pozivi - Europski socijalni fond<\/title>\n<meta name=\"robots\" content=\"index, follow, max-snippet:-1, max-image-preview:large, max-video-preview:-1\" \/>\n<link rel=\"canonical\" href=\"https:\/\/esf.hr\/esfplus\/u-sibeniku-predstavljen-esf\/\" \/>\n<meta property=\"og:locale\" content=\"en_US\" \/>\n<meta property=\"og:type\" content=\"article\" \/>\n<meta property=\"og:title\" content=\"U \u0160ibeniku predstavljeni aktualni ESF+ pozivi - Europski socijalni fond\" \/>\n<meta property=\"og:description\" content=\"U \u0160ibeniku je u ponedjeljak, 5. svibnja 2025. godine, u organizaciji Ministarstva rada, mirovinskoga sustava, obitelji i socijalne politike odr\u017eana\u00a0promocija Programa U\u010dinkoviti ljudski potencijali 2021.-2027. Uz uvodno obra\u0107anje ministra rada, mirovinskoga sustava, obitelji i socijalne politike Marina Pileti\u0107a, sudionicima se, ispred doma\u0107ina, obratio pro\u010delnik \u0160ibensko-kninske \u017eupanije gospodin Ante \u010cupi\u0107. Rije\u010d je o ulaganjima usmjerenima na [&hellip;]\" \/>\n<meta property=\"og:url\" content=\"https:\/\/esf.hr\/esfplus\/u-sibeniku-predstavljen-esf\/\" \/>\n<meta property=\"og:site_name\" content=\"Europski socijalni fond\" \/>\n<meta property=\"article:published_time\" content=\"2025-05-05T13:31:47+00:00\" \/>\n<meta property=\"article:modified_time\" content=\"2025-05-06T10:43:15+00:00\" \/>\n<meta property=\"og:image\" content=\"https:\/\/esf.hr\/esfplus\/wp-content\/uploads\/2025\/05\/1000021176.jpg\" \/>\n\t<meta property=\"og:image:width\" content=\"2312\" \/>\n\t<meta property=\"og:image:height\" content=\"1302\" \/>\n<meta name=\"twitter:label1\" content=\"Written by\" \/>\n\t<meta name=\"twitter:data1\" content=\"\u0160tefica Bel\u010di\u0107\" \/>\n\t<meta name=\"twitter:label2\" content=\"Est. reading time\" \/>\n\t<meta name=\"twitter:data2\" content=\"1 minute\" \/>\n<script type=\"application\/ld+json\" class=\"yoast-schema-graph\">{\"@context\":\"https:\/\/schema.org\",\"@graph\":[{\"@type\":\"WebSite\",\"@id\":\"https:\/\/esf.hr\/esfplus\/#website\",\"url\":\"https:\/\/esf.hr\/esfplus\/\",\"name\":\"Europski socijalni fond\",\"description\":\"Program U\\u010dinkoviti ljudski potencijali 2021.-2027.\",\"potentialAction\":[{\"@type\":\"SearchAction\",\"target\":{\"@type\":\"EntryPoint\",\"urlTemplate\":\"https:\/\/esf.hr\/esfplus\/?s={search_term_string}\"},\"query-input\":\"required name=search_term_string\"}],\"inLanguage\":\"en-US\"},{\"@type\":\"ImageObject\",\"@id\":\"https:\/\/esf.hr\/esfplus\/u-sibeniku-predstavljen-esf\/#primaryimage\",\"inLanguage\":\"en-US\",\"url\":\"https:\/\/esf.hr\/esfplus\/wp-content\/uploads\/2025\/05\/1000021176.jpg\",\"contentUrl\":\"https:\/\/esf.hr\/esfplus\/wp-content\/uploads\/2025\/05\/1000021176.jpg\",\"width\":2312,\"height\":1302},{\"@type\":\"WebPage\",\"@id\":\"https:\/\/esf.hr\/esfplus\/u-sibeniku-predstavljen-esf\/#webpage\",\"url\":\"https:\/\/esf.hr\/esfplus\/u-sibeniku-predstavljen-esf\/\",\"name\":\"U \\u0160ibeniku predstavljeni aktualni ESF+ pozivi - Europski socijalni fond\",\"isPartOf\":{\"@id\":\"https:\/\/esf.hr\/esfplus\/#website\"},\"primaryImageOfPage\":{\"@id\":\"https:\/\/esf.hr\/esfplus\/u-sibeniku-predstavljen-esf\/#primaryimage\"},\"datePublished\":\"2025-05-05T13:31:47+00:00\",\"dateModified\":\"2025-05-06T10:43:15+00:00\",\"author\":{\"@id\":\"https:\/\/esf.hr\/esfplus\/#\/schema\/person\/3535b76a5031c505bd16a121570b2e64\"},\"breadcrumb\":{\"@id\":\"https:\/\/esf.hr\/esfplus\/u-sibeniku-predstavljen-esf\/#breadcrumb\"},\"inLanguage\":\"en-US\",\"potentialAction\":[{\"@type\":\"ReadAction\",\"target\":[\"https:\/\/esf.hr\/esfplus\/u-sibeniku-predstavljen-esf\/\"]}]},{\"@type\":\"BreadcrumbList\",\"@id\":\"https:\/\/esf.hr\/esfplus\/u-sibeniku-predstavljen-esf\/#breadcrumb\",\"itemListElement\":[{\"@type\":\"ListItem\",\"position\":1,\"name\":\"Naslovna\",\"item\":\"https:\/\/esf.hr\/esfplus\/\"},{\"@type\":\"ListItem\",\"position\":2,\"name\":\"U \\u0160ibeniku predstavljeni aktualni ESF+ pozivi\"}]},{\"@type\":\"Person\",\"@id\":\"https:\/\/esf.hr\/esfplus\/#\/schema\/person\/3535b76a5031c505bd16a121570b2e64\",\"name\":\"\\u0160tefica Bel\\u010di\\u0107\",\"image\":{\"@type\":\"ImageObject\",\"@id\":\"https:\/\/esf.hr\/esfplus\/#personlogo\",\"inLanguage\":\"en-US\",\"url\":\"https:\/\/secure.gravatar.com\/avatar\/28ce945ff355095f5c5d8522c6678e81?s=96&d=mm&r=g\",\"contentUrl\":\"https:\/\/secure.gravatar.com\/avatar\/28ce945ff355095f5c5d8522c6678e81?s=96&d=mm&r=g\",\"caption\":\"\\u0160tefica Bel\\u010di\\u0107\"},\"sameAs\":[\"vlatka.petric\"],\"url\":\"https:\/\/esf.hr\/esfplus\/author\/stefica-belcic\/\"}]}<\/script>\n<!-- \/ Yoast SEO plugin. -->","yoast_head_json":{"title":"U \u0160ibeniku predstavljeni aktualni ESF+ pozivi - Europski socijalni fond","robots":{"index":"index","follow":"follow","max-snippet":"max-snippet:-1","max-image-preview":"max-image-preview:large","max-video-preview":"max-video-preview:-1"},"canonical":"https:\/\/esf.hr\/esfplus\/u-sibeniku-predstavljen-esf\/","og_locale":"en_US","og_type":"article","og_title":"U \u0160ibeniku predstavljeni aktualni ESF+ pozivi - Europski socijalni fond","og_description":"U \u0160ibeniku je u ponedjeljak, 5. svibnja 2025. godine, u organizaciji Ministarstva rada, mirovinskoga sustava, obitelji i socijalne politike odr\u017eana\u00a0promocija Programa U\u010dinkoviti ljudski potencijali 2021.-2027. Uz uvodno obra\u0107anje ministra rada, mirovinskoga sustava, obitelji i socijalne politike Marina Pileti\u0107a, sudionicima se, ispred doma\u0107ina, obratio pro\u010delnik \u0160ibensko-kninske \u017eupanije gospodin Ante \u010cupi\u0107. Rije\u010d je o ulaganjima usmjerenima na [&hellip;]","og_url":"https:\/\/esf.hr\/esfplus\/u-sibeniku-predstavljen-esf\/","og_site_name":"Europski socijalni fond","article_published_time":"2025-05-05T13:31:47+00:00","article_modified_time":"2025-05-06T10:43:15+00:00","og_image":[{"width":2312,"height":1302,"url":"https:\/\/esf.hr\/esfplus\/wp-content\/uploads\/2025\/05\/1000021176.jpg","path":"\/home\/esf\/public_html\/esfplus\/wp-content\/uploads\/2025\/05\/1000021176.jpg","size":"full","id":24272,"alt":"","pixels":3010224,"type":"image\/jpeg"}],"twitter_misc":{"Written by":"\u0160tefica Bel\u010di\u0107","Est. reading time":"1 minute"},"schema":{"@context":"https:\/\/schema.org","@graph":[{"@type":"WebSite","@id":"https:\/\/esf.hr\/esfplus\/#website","url":"https:\/\/esf.hr\/esfplus\/","name":"Europski socijalni fond","description":"Program U\u010dinkoviti ljudski potencijali 2021.-2027.","potentialAction":[{"@type":"SearchAction","target":{"@type":"EntryPoint","urlTemplate":"https:\/\/esf.hr\/esfplus\/?s={search_term_string}"},"query-input":"required name=search_term_string"}],"inLanguage":"en-US"},{"@type":"ImageObject","@id":"https:\/\/esf.hr\/esfplus\/u-sibeniku-predstavljen-esf\/#primaryimage","inLanguage":"en-US","url":"https:\/\/esf.hr\/esfplus\/wp-content\/uploads\/2025\/05\/1000021176.jpg","contentUrl":"https:\/\/esf.hr\/esfplus\/wp-content\/uploads\/2025\/05\/1000021176.jpg","width":2312,"height":1302},{"@type":"WebPage","@id":"https:\/\/esf.hr\/esfplus\/u-sibeniku-predstavljen-esf\/#webpage","url":"https:\/\/esf.hr\/esfplus\/u-sibeniku-predstavljen-esf\/","name":"U \u0160ibeniku predstavljeni aktualni ESF+ pozivi - Europski socijalni fond","isPartOf":{"@id":"https:\/\/esf.hr\/esfplus\/#website"},"primaryImageOfPage":{"@id":"https:\/\/esf.hr\/esfplus\/u-sibeniku-predstavljen-esf\/#primaryimage"},"datePublished":"2025-05-05T13:31:47+00:00","dateModified":"2025-05-06T10:43:15+00:00","author":{"@id":"https:\/\/esf.hr\/esfplus\/#\/schema\/person\/3535b76a5031c505bd16a121570b2e64"},"breadcrumb":{"@id":"https:\/\/esf.hr\/esfplus\/u-sibeniku-predstavljen-esf\/#breadcrumb"},"inLanguage":"en-US","potentialAction":[{"@type":"ReadAction","target":["https:\/\/esf.hr\/esfplus\/u-sibeniku-predstavljen-esf\/"]}]},{"@type":"BreadcrumbList","@id":"https:\/\/esf.hr\/esfplus\/u-sibeniku-predstavljen-esf\/#breadcrumb","itemListElement":[{"@type":"ListItem","position":1,"name":"Naslovna","item":"https:\/\/esf.hr\/esfplus\/"},{"@type":"ListItem","position":2,"name":"U \u0160ibeniku predstavljeni aktualni ESF+ pozivi"}]},{"@type":"Person","@id":"https:\/\/esf.hr\/esfplus\/#\/schema\/person\/3535b76a5031c505bd16a121570b2e64","name":"\u0160tefica Bel\u010di\u0107","image":{"@type":"ImageObject","@id":"https:\/\/esf.hr\/esfplus\/#personlogo","inLanguage":"en-US","url":"https:\/\/secure.gravatar.com\/avatar\/28ce945ff355095f5c5d8522c6678e81?s=96&d=mm&r=g","contentUrl":"https:\/\/secure.gravatar.com\/avatar\/28ce945ff355095f5c5d8522c6678e81?s=96&d=mm&r=g","caption":"\u0160tefica Bel\u010di\u0107"},"sameAs":["vlatka.petric"],"url":"https:\/\/esf.hr\/esfplus\/author\/stefica-belcic\/"}]}},"_links":{"self":[{"href":"https:\/\/esf.hr\/esfplus\/wp-json\/wp\/v2\/posts\/24266"}],"collection":[{"href":"https:\/\/esf.hr\/esfplus\/wp-json\/wp\/v2\/posts"}],"about":[{"href":"https:\/\/esf.hr\/esfplus\/wp-json\/wp\/v2\/types\/post"}],"author":[{"embeddable":true,"href":"https:\/\/esf.hr\/esfplus\/wp-json\/wp\/v2\/users\/1358"}],"replies":[{"embeddable":true,"href":"https:\/\/esf.hr\/esfplus\/wp-json\/wp\/v2\/comments?post=24266"}],"version-history":[{"count":6,"href":"https:\/\/esf.hr\/esfplus\/wp-json\/wp\/v2\/posts\/24266\/revisions"}],"predecessor-version":[{"id":24280,"href":"https:\/\/esf.hr\/esfplus\/wp-json\/wp\/v2\/posts\/24266\/revisions\/24280"}],"wp:featuredmedia":[{"embeddable":true,"href":"https:\/\/esf.hr\/esfplus\/wp-json\/wp\/v2\/media\/24272"}],"wp:attachment":[{"href":"https:\/\/esf.hr\/esfplus\/wp-json\/wp\/v2\/media?parent=24266"}],"wp:term":[{"taxonomy":"category","embeddable":true,"href":"https:\/\/esf.hr\/esfplus\/wp-json\/wp\/v2\/categories?post=24266"},{"taxonomy":"post_tag","embeddable":true,"href":"https:\/\/esf.hr\/esfplus\/wp-json\/wp\/v2\/tags?post=24266"}],"curies":[{"name":"wp","href":"https:\/\/api.w.org\/{rel}","templated":true}]}}