{"id":24198,"date":"2025-04-22T10:18:41","date_gmt":"2025-04-22T08:18:41","guid":{"rendered":"https:\/\/esf.hr\/esfplus\/?p=24198"},"modified":"2025-04-25T10:51:18","modified_gmt":"2025-04-25T08:51:18","slug":"odrzan-2-sastanak-tematske-upravljacke-skupine-za-stup-5-u-okviru-eusair-a","status":"publish","type":"post","link":"https:\/\/esf.hr\/esfplus\/odrzan-2-sastanak-tematske-upravljacke-skupine-za-stup-5-u-okviru-eusair-a\/","title":{"rendered":"Odr\u017ean 2. sastanak Tematske upravlja\u010dke skupine za Stup 5 u okviru EUSAIR-a"},"content":{"rendered":"<p>U Zadru je 3. i 4. travnja 2025. godine odr\u017ean drugi sastanak Tematske upravlja\u010dke skupine za Stup 5, u okviru Strategije Europske unije za jadransko-jonsku regiju (EUSAIR).<\/p>\n<p>Organizator sastanka bilo je Ministarstvo rada, mirovinskoga sustava, obitelji i socijalne politike Republike Hrvatske, koje u suradnji s Bosnom i Hercegovinom koordinira aktivnosti vezane uz Stup 5 \u2013 socijalnu koheziju.<\/p>\n<p>Na sastanku su sudjelovali predstavnici iz sedam zemalja jadransko-jonske makroregije: Hrvatske, Bosne i Hercegovine, Srbije, Crne Gore, Gr\u010dke, Italije i Slovenije, uz sudjelovanje predstavnica Europske komisije.<\/p>\n<p>Tema sastanka bili su mladi, a naglasak je bio na razmjeni znanja i dobrih praksi u podru\u010dju politika za mlade. Uz predstavljanje politika za mlade, g\u0111a Biliana Sirakova, koordinatorica za mlade u Glavnoj upravi za obrazovanje, mlade, sport i kulturu Europske komisije, predstavila pregled politika za mlade Europske unije, kao i razlike u odnosu na nacionalne politike. Uz zajedni\u010dki zaklju\u010dak kako je potrebno razvijati makroregionalnu suradnju u podru\u010dju mladih, predlo\u017eena suradnja s balti\u010dkim zemljama, koje mogu ponuditi primjere dobre prakse u ovom podru\u010dju, poput Estonije.<\/p>\n<p>Predstavljen je rad Centra za informiranje i savjetovanje o karijeri (CISOK) Hrvatskog zavoda za zapo\u0161ljavanje Zadar, \u010dije je djelovanje posebno usmjereno na dosezanje ranjivih skupina mladih u ruralnim sredinama. Iskustva su prenijeli i predstavnici Bosne i Hercegovine te Slovenije, kroz programe koji se provode u njihovim dr\u017eavama, ali i kroz izazove kroz koje prolaze u njihovoj primjeni i ujedna\u010denosti.<\/p>\n<p>Na sastanku su sudjelovali i predstavnici su tri strate\u0161ka projekta EUSAIR-a i njihov doprinos razvoju 5. Stupa.<\/p>\n<p>Drugoga dana, 4. travnja, u Centru za mlade Grada Zadra, pro\u010delnica Upravnog odjela za kulturu i \u0161port grada Zadra, g\u0111a. Dina Bu\u0161i\u0107, prezentirala je rad Centra za mlade, a g\u0111a. Rina Do\u017ee- Marini\u0107<strong>, <\/strong>predstavila je projekt <strong>ZD-154-M<\/strong>, koji se provodi u okviru programa Erasmus+. Projekt je usmjeren na aktivno uklju\u010divanje mladih u \u017eivot lokalne zajednice u Zadru. Sudionici su imali priliku upoznati se s aktivnostima i rezultatima projekta, koji predstavlja primjer dobre prakse u podru\u010dju socijalne uklju\u010denosti mladih.<\/p>\n<p>Uvo\u0111enjem Stupa 5 u Strategiju EUSAIR 2024. godine dodatno je osna\u017eena dimenzija socijalne kohezije u makroregionalnoj suradnji. Time se otvara prostor za razvoj i provedbu aktivnosti usmjerenih na zapo\u0161ljavanje, obrazovanje i socijalnu uklju\u010denost kao klju\u010dne elemente odr\u017eivog i uklju\u010divog razvoja. Stup 5 tako daje zna\u010dajan doprinos ukupnoj provedbi EUSAIR-a, ja\u010daju\u0107i dru\u0161tvenu otpornost i ravnomjeran razvoj jadransko-jonske regije.<\/p>\n<figure class=\"wp-block-gallery columns-3 is-cropped\"><ul class=\"blocks-gallery-grid\"><li class=\"blocks-gallery-item\"><figure><a href=\"https:\/\/esf.hr\/esfplus\/wp-content\/uploads\/2025\/04\/20250403_115207-scaled.jpg\" rel=\"photo_group\" role=\"link\"><img loading=\"lazy\" src=\"https:\/\/esf.hr\/esfplus\/wp-content\/uploads\/2025\/04\/20250403_115207-scaled.jpg\" alt=\"\" data-id=\"24196\" data-full-url=\"https:\/\/esf.hr\/esfplus\/wp-content\/uploads\/2025\/04\/20250403_115207-scaled.jpg\" srcset=\"https:\/\/esf.hr\/esfplus\/wp-content\/uploads\/2025\/04\/20250403_115207-scaled.jpg 1920w, https:\/\/esf.hr\/esfplus\/wp-content\/uploads\/2025\/04\/20250403_115207-225x300.jpg 225w, https:\/\/esf.hr\/esfplus\/wp-content\/uploads\/2025\/04\/20250403_115207-768x1024.jpg 768w, https:\/\/esf.hr\/esfplus\/wp-content\/uploads\/2025\/04\/20250403_115207-1152x1536.jpg 1152w, https:\/\/esf.hr\/esfplus\/wp-content\/uploads\/2025\/04\/20250403_115207-1536x2048.jpg 1536w, https:\/\/esf.hr\/esfplus\/wp-content\/uploads\/2025\/04\/20250403_115207-1000x1333.jpg 1000w\"><\/a><\/figure><\/li><li class=\"blocks-gallery-item\"><figure><a href=\"https:\/\/esf.hr\/esfplus\/wp-content\/uploads\/2025\/04\/20250403_093344-scaled.jpg\" rel=\"photo_group\" role=\"link\"><img loading=\"lazy\" src=\"https:\/\/esf.hr\/esfplus\/wp-content\/uploads\/2025\/04\/20250403_093344-scaled.jpg\" alt=\"\" data-id=\"24197\" data-full-url=\"https:\/\/esf.hr\/esfplus\/wp-content\/uploads\/2025\/04\/20250403_093344-scaled.jpg\" srcset=\"https:\/\/esf.hr\/esfplus\/wp-content\/uploads\/2025\/04\/20250403_093344-scaled.jpg 2560w, https:\/\/esf.hr\/esfplus\/wp-content\/uploads\/2025\/04\/20250403_093344-300x225.jpg 300w, https:\/\/esf.hr\/esfplus\/wp-content\/uploads\/2025\/04\/20250403_093344-1024x768.jpg 1024w, https:\/\/esf.hr\/esfplus\/wp-content\/uploads\/2025\/04\/20250403_093344-768x576.jpg 768w, https:\/\/esf.hr\/esfplus\/wp-content\/uploads\/2025\/04\/20250403_093344-1536x1152.jpg 1536w, https:\/\/esf.hr\/esfplus\/wp-content\/uploads\/2025\/04\/20250403_093344-2048x1536.jpg 2048w, https:\/\/esf.hr\/esfplus\/wp-content\/uploads\/2025\/04\/20250403_093344-1000x750.jpg 1000w\"><\/a><\/figure><\/li><\/ul><\/figure>\n","protected":false},"excerpt":{"rendered":"<p>U Zadru je 3. i 4. travnja 2025. godine odr\u017ean drugi sastanak Tematske upravlja\u010dke skupine za Stup 5, u okviru Strategije Europske unije za jadransko-jonsku regiju (EUSAIR). Organizator sastanka bilo je Ministarstvo rada, mirovinskoga sustava, obitelji i socijalne politike Republike Hrvatske, koje u suradnji s Bosnom i Hercegovinom koordinira aktivnosti vezane uz Stup 5 \u2013 [&hellip;]<\/p>\n","protected":false},"author":1372,"featured_media":24195,"comment_status":"closed","ping_status":"closed","sticky":false,"template":"","format":"standard","meta":{"_monsterinsights_skip_tracking":false,"_monsterinsights_sitenote_active":false,"_monsterinsights_sitenote_note":"","_monsterinsights_sitenote_category":0,"cybocfi_hide_featured_image":""},"categories":[222],"tags":[],"yoast_head":"<!-- This site is optimized with the Yoast SEO plugin v16.8 - https:\/\/yoast.com\/wordpress\/plugins\/seo\/ -->\n<title>Odr\u017ean 2. sastanak Tematske upravlja\u010dke skupine za Stup 5 u okviru EUSAIR-a - Europski socijalni fond<\/title>\n<meta name=\"robots\" content=\"index, follow, max-snippet:-1, max-image-preview:large, max-video-preview:-1\" \/>\n<link rel=\"canonical\" href=\"https:\/\/esf.hr\/esfplus\/odrzan-2-sastanak-tematske-upravljacke-skupine-za-stup-5-u-okviru-eusair-a\/\" \/>\n<meta property=\"og:locale\" content=\"en_US\" \/>\n<meta property=\"og:type\" content=\"article\" \/>\n<meta property=\"og:title\" content=\"Odr\u017ean 2. sastanak Tematske upravlja\u010dke skupine za Stup 5 u okviru EUSAIR-a - Europski socijalni fond\" \/>\n<meta property=\"og:description\" content=\"U Zadru je 3. i 4. travnja 2025. godine odr\u017ean drugi sastanak Tematske upravlja\u010dke skupine za Stup 5, u okviru Strategije Europske unije za jadransko-jonsku regiju (EUSAIR). Organizator sastanka bilo je Ministarstvo rada, mirovinskoga sustava, obitelji i socijalne politike Republike Hrvatske, koje u suradnji s Bosnom i Hercegovinom koordinira aktivnosti vezane uz Stup 5 \u2013 [&hellip;]\" \/>\n<meta property=\"og:url\" content=\"https:\/\/esf.hr\/esfplus\/odrzan-2-sastanak-tematske-upravljacke-skupine-za-stup-5-u-okviru-eusair-a\/\" \/>\n<meta property=\"og:site_name\" content=\"Europski socijalni fond\" \/>\n<meta property=\"article:published_time\" content=\"2025-04-22T08:18:41+00:00\" \/>\n<meta property=\"article:modified_time\" content=\"2025-04-25T08:51:18+00:00\" \/>\n<meta property=\"og:image\" content=\"https:\/\/esf.hr\/esfplus\/wp-content\/uploads\/2025\/04\/IMG-20250410-WA0005.jpg\" \/>\n\t<meta property=\"og:image:width\" content=\"1600\" \/>\n\t<meta property=\"og:image:height\" content=\"900\" \/>\n<meta name=\"twitter:label1\" content=\"Written by\" \/>\n\t<meta name=\"twitter:data1\" content=\"Vlatka Petri\u0107\" \/>\n\t<meta name=\"twitter:label2\" content=\"Est. reading time\" \/>\n\t<meta name=\"twitter:data2\" content=\"2 minutes\" \/>\n<script type=\"application\/ld+json\" class=\"yoast-schema-graph\">{\"@context\":\"https:\/\/schema.org\",\"@graph\":[{\"@type\":\"WebSite\",\"@id\":\"https:\/\/esf.hr\/esfplus\/#website\",\"url\":\"https:\/\/esf.hr\/esfplus\/\",\"name\":\"Europski socijalni fond\",\"description\":\"Program U\\u010dinkoviti ljudski potencijali 2021.-2027.\",\"potentialAction\":[{\"@type\":\"SearchAction\",\"target\":{\"@type\":\"EntryPoint\",\"urlTemplate\":\"https:\/\/esf.hr\/esfplus\/?s={search_term_string}\"},\"query-input\":\"required name=search_term_string\"}],\"inLanguage\":\"en-US\"},{\"@type\":\"ImageObject\",\"@id\":\"https:\/\/esf.hr\/esfplus\/odrzan-2-sastanak-tematske-upravljacke-skupine-za-stup-5-u-okviru-eusair-a\/#primaryimage\",\"inLanguage\":\"en-US\",\"url\":\"https:\/\/esf.hr\/esfplus\/wp-content\/uploads\/2025\/04\/IMG-20250410-WA0005.jpg\",\"contentUrl\":\"https:\/\/esf.hr\/esfplus\/wp-content\/uploads\/2025\/04\/IMG-20250410-WA0005.jpg\",\"width\":1600,\"height\":900},{\"@type\":\"WebPage\",\"@id\":\"https:\/\/esf.hr\/esfplus\/odrzan-2-sastanak-tematske-upravljacke-skupine-za-stup-5-u-okviru-eusair-a\/#webpage\",\"url\":\"https:\/\/esf.hr\/esfplus\/odrzan-2-sastanak-tematske-upravljacke-skupine-za-stup-5-u-okviru-eusair-a\/\",\"name\":\"Odr\\u017ean 2. sastanak Tematske upravlja\\u010dke skupine za Stup 5 u okviru EUSAIR-a - Europski socijalni fond\",\"isPartOf\":{\"@id\":\"https:\/\/esf.hr\/esfplus\/#website\"},\"primaryImageOfPage\":{\"@id\":\"https:\/\/esf.hr\/esfplus\/odrzan-2-sastanak-tematske-upravljacke-skupine-za-stup-5-u-okviru-eusair-a\/#primaryimage\"},\"datePublished\":\"2025-04-22T08:18:41+00:00\",\"dateModified\":\"2025-04-25T08:51:18+00:00\",\"author\":{\"@id\":\"https:\/\/esf.hr\/esfplus\/#\/schema\/person\/004c031063b5f0376dabbae898cfb2c2\"},\"breadcrumb\":{\"@id\":\"https:\/\/esf.hr\/esfplus\/odrzan-2-sastanak-tematske-upravljacke-skupine-za-stup-5-u-okviru-eusair-a\/#breadcrumb\"},\"inLanguage\":\"en-US\",\"potentialAction\":[{\"@type\":\"ReadAction\",\"target\":[\"https:\/\/esf.hr\/esfplus\/odrzan-2-sastanak-tematske-upravljacke-skupine-za-stup-5-u-okviru-eusair-a\/\"]}]},{\"@type\":\"BreadcrumbList\",\"@id\":\"https:\/\/esf.hr\/esfplus\/odrzan-2-sastanak-tematske-upravljacke-skupine-za-stup-5-u-okviru-eusair-a\/#breadcrumb\",\"itemListElement\":[{\"@type\":\"ListItem\",\"position\":1,\"name\":\"Naslovna\",\"item\":\"https:\/\/esf.hr\/esfplus\/\"},{\"@type\":\"ListItem\",\"position\":2,\"name\":\"Odr\\u017ean 2. sastanak Tematske upravlja\\u010dke skupine za Stup 5 u okviru EUSAIR-a\"}]},{\"@type\":\"Person\",\"@id\":\"https:\/\/esf.hr\/esfplus\/#\/schema\/person\/004c031063b5f0376dabbae898cfb2c2\",\"name\":\"Vlatka Petri\\u0107\",\"image\":{\"@type\":\"ImageObject\",\"@id\":\"https:\/\/esf.hr\/esfplus\/#personlogo\",\"inLanguage\":\"en-US\",\"url\":\"https:\/\/secure.gravatar.com\/avatar\/aa6d892f731abe7a2c9c3dd41790bb14?s=96&d=mm&r=g\",\"contentUrl\":\"https:\/\/secure.gravatar.com\/avatar\/aa6d892f731abe7a2c9c3dd41790bb14?s=96&d=mm&r=g\",\"caption\":\"Vlatka Petri\\u0107\"},\"url\":\"https:\/\/esf.hr\/esfplus\/author\/vlatka-petric\/\"}]}<\/script>\n<!-- \/ Yoast SEO plugin. -->","yoast_head_json":{"title":"Odr\u017ean 2. sastanak Tematske upravlja\u010dke skupine za Stup 5 u okviru EUSAIR-a - Europski socijalni fond","robots":{"index":"index","follow":"follow","max-snippet":"max-snippet:-1","max-image-preview":"max-image-preview:large","max-video-preview":"max-video-preview:-1"},"canonical":"https:\/\/esf.hr\/esfplus\/odrzan-2-sastanak-tematske-upravljacke-skupine-za-stup-5-u-okviru-eusair-a\/","og_locale":"en_US","og_type":"article","og_title":"Odr\u017ean 2. sastanak Tematske upravlja\u010dke skupine za Stup 5 u okviru EUSAIR-a - Europski socijalni fond","og_description":"U Zadru je 3. i 4. travnja 2025. godine odr\u017ean drugi sastanak Tematske upravlja\u010dke skupine za Stup 5, u okviru Strategije Europske unije za jadransko-jonsku regiju (EUSAIR). Organizator sastanka bilo je Ministarstvo rada, mirovinskoga sustava, obitelji i socijalne politike Republike Hrvatske, koje u suradnji s Bosnom i Hercegovinom koordinira aktivnosti vezane uz Stup 5 \u2013 [&hellip;]","og_url":"https:\/\/esf.hr\/esfplus\/odrzan-2-sastanak-tematske-upravljacke-skupine-za-stup-5-u-okviru-eusair-a\/","og_site_name":"Europski socijalni fond","article_published_time":"2025-04-22T08:18:41+00:00","article_modified_time":"2025-04-25T08:51:18+00:00","og_image":[{"width":1600,"height":900,"url":"https:\/\/esf.hr\/esfplus\/wp-content\/uploads\/2025\/04\/IMG-20250410-WA0005.jpg","path":"\/home\/esf\/public_html\/esfplus\/wp-content\/uploads\/2025\/04\/IMG-20250410-WA0005.jpg","size":"full","id":24195,"alt":"","pixels":1440000,"type":"image\/jpeg"}],"twitter_misc":{"Written by":"Vlatka Petri\u0107","Est. reading time":"2 minutes"},"schema":{"@context":"https:\/\/schema.org","@graph":[{"@type":"WebSite","@id":"https:\/\/esf.hr\/esfplus\/#website","url":"https:\/\/esf.hr\/esfplus\/","name":"Europski socijalni fond","description":"Program U\u010dinkoviti ljudski potencijali 2021.-2027.","potentialAction":[{"@type":"SearchAction","target":{"@type":"EntryPoint","urlTemplate":"https:\/\/esf.hr\/esfplus\/?s={search_term_string}"},"query-input":"required name=search_term_string"}],"inLanguage":"en-US"},{"@type":"ImageObject","@id":"https:\/\/esf.hr\/esfplus\/odrzan-2-sastanak-tematske-upravljacke-skupine-za-stup-5-u-okviru-eusair-a\/#primaryimage","inLanguage":"en-US","url":"https:\/\/esf.hr\/esfplus\/wp-content\/uploads\/2025\/04\/IMG-20250410-WA0005.jpg","contentUrl":"https:\/\/esf.hr\/esfplus\/wp-content\/uploads\/2025\/04\/IMG-20250410-WA0005.jpg","width":1600,"height":900},{"@type":"WebPage","@id":"https:\/\/esf.hr\/esfplus\/odrzan-2-sastanak-tematske-upravljacke-skupine-za-stup-5-u-okviru-eusair-a\/#webpage","url":"https:\/\/esf.hr\/esfplus\/odrzan-2-sastanak-tematske-upravljacke-skupine-za-stup-5-u-okviru-eusair-a\/","name":"Odr\u017ean 2. sastanak Tematske upravlja\u010dke skupine za Stup 5 u okviru EUSAIR-a - Europski socijalni fond","isPartOf":{"@id":"https:\/\/esf.hr\/esfplus\/#website"},"primaryImageOfPage":{"@id":"https:\/\/esf.hr\/esfplus\/odrzan-2-sastanak-tematske-upravljacke-skupine-za-stup-5-u-okviru-eusair-a\/#primaryimage"},"datePublished":"2025-04-22T08:18:41+00:00","dateModified":"2025-04-25T08:51:18+00:00","author":{"@id":"https:\/\/esf.hr\/esfplus\/#\/schema\/person\/004c031063b5f0376dabbae898cfb2c2"},"breadcrumb":{"@id":"https:\/\/esf.hr\/esfplus\/odrzan-2-sastanak-tematske-upravljacke-skupine-za-stup-5-u-okviru-eusair-a\/#breadcrumb"},"inLanguage":"en-US","potentialAction":[{"@type":"ReadAction","target":["https:\/\/esf.hr\/esfplus\/odrzan-2-sastanak-tematske-upravljacke-skupine-za-stup-5-u-okviru-eusair-a\/"]}]},{"@type":"BreadcrumbList","@id":"https:\/\/esf.hr\/esfplus\/odrzan-2-sastanak-tematske-upravljacke-skupine-za-stup-5-u-okviru-eusair-a\/#breadcrumb","itemListElement":[{"@type":"ListItem","position":1,"name":"Naslovna","item":"https:\/\/esf.hr\/esfplus\/"},{"@type":"ListItem","position":2,"name":"Odr\u017ean 2. sastanak Tematske upravlja\u010dke skupine za Stup 5 u okviru EUSAIR-a"}]},{"@type":"Person","@id":"https:\/\/esf.hr\/esfplus\/#\/schema\/person\/004c031063b5f0376dabbae898cfb2c2","name":"Vlatka Petri\u0107","image":{"@type":"ImageObject","@id":"https:\/\/esf.hr\/esfplus\/#personlogo","inLanguage":"en-US","url":"https:\/\/secure.gravatar.com\/avatar\/aa6d892f731abe7a2c9c3dd41790bb14?s=96&d=mm&r=g","contentUrl":"https:\/\/secure.gravatar.com\/avatar\/aa6d892f731abe7a2c9c3dd41790bb14?s=96&d=mm&r=g","caption":"Vlatka Petri\u0107"},"url":"https:\/\/esf.hr\/esfplus\/author\/vlatka-petric\/"}]}},"_links":{"self":[{"href":"https:\/\/esf.hr\/esfplus\/wp-json\/wp\/v2\/posts\/24198"}],"collection":[{"href":"https:\/\/esf.hr\/esfplus\/wp-json\/wp\/v2\/posts"}],"about":[{"href":"https:\/\/esf.hr\/esfplus\/wp-json\/wp\/v2\/types\/post"}],"author":[{"embeddable":true,"href":"https:\/\/esf.hr\/esfplus\/wp-json\/wp\/v2\/users\/1372"}],"replies":[{"embeddable":true,"href":"https:\/\/esf.hr\/esfplus\/wp-json\/wp\/v2\/comments?post=24198"}],"version-history":[{"count":1,"href":"https:\/\/esf.hr\/esfplus\/wp-json\/wp\/v2\/posts\/24198\/revisions"}],"predecessor-version":[{"id":24199,"href":"https:\/\/esf.hr\/esfplus\/wp-json\/wp\/v2\/posts\/24198\/revisions\/24199"}],"wp:featuredmedia":[{"embeddable":true,"href":"https:\/\/esf.hr\/esfplus\/wp-json\/wp\/v2\/media\/24195"}],"wp:attachment":[{"href":"https:\/\/esf.hr\/esfplus\/wp-json\/wp\/v2\/media?parent=24198"}],"wp:term":[{"taxonomy":"category","embeddable":true,"href":"https:\/\/esf.hr\/esfplus\/wp-json\/wp\/v2\/categories?post=24198"},{"taxonomy":"post_tag","embeddable":true,"href":"https:\/\/esf.hr\/esfplus\/wp-json\/wp\/v2\/tags?post=24198"}],"curies":[{"name":"wp","href":"https:\/\/api.w.org\/{rel}","templated":true}]}}