{"id":20793,"date":"2023-04-03T11:21:21","date_gmt":"2023-04-03T09:21:21","guid":{"rendered":"https:\/\/esf.hr\/esfplus\/?p=20793"},"modified":"2023-04-03T11:21:21","modified_gmt":"2023-04-03T09:21:21","slug":"dvodnevna-online-radionica-upravljanje-projektnim-ciklusom-i-procjena-potreba","status":"publish","type":"post","link":"https:\/\/esf.hr\/esfplus\/dvodnevna-online-radionica-upravljanje-projektnim-ciklusom-i-procjena-potreba\/","title":{"rendered":"Dvodnevna online radionica: Upravljanje projektnim ciklusom i procjena potreba"},"content":{"rendered":"<p>Nacionalna zaklada za razvoj civilnoga dru\u0161tva na mre\u017enoj stranici ESF Platforma danas je otvorila prijave na dvodnevnu online radionicu koju \u0107e 19. i 20. travnja 2023. odr\u017eati Udruga Mi iz Splita.<\/p>\n<p><strong>Prijava<\/strong>:<\/p>\n<p><a href=\"https:\/\/esfplatforma.civilnodrustvo.hr\/ESFPlatforma\/events\/detalji?rad=380\">DVODNEVNA ONLINE RADIONICA UDRUGE \u201cMI\u201d \u2013 19.-20.4.2023. \u2013 UPRAVLJANJE PROJEKTNIM CIKLUSOM I PROCJENA POTREBA<\/a><\/p>\n<p>Cilj radionice je upoznati sudionike s osnovnim pojmovima vezanima uz teme korisne prilikom osmi\u0161ljavanja projektnih prijedloga i procjene potreba u zajednici, s osobitim naglaskom na mogu\u0107nosti prijava na pozive za dodjelu bespovratnih sredstava Europskog socijalnog fonda. Radionica je namijenjenih udrugama i drugim potencijalnim prijaviteljima na pozive za dodjelu bespovratnih sredstava Europskog socijalnog fonda, koje uop\u0107e nemaju ili imaju malo iskustva.<\/p>\n<p>Nacionalna zaklada za razvoj civilnoga dru\u0161tva u suradnji s regionalnim suradnim organizacijama (udruga SMART, Udruga \u201eMI\u201c- Split, Centar za civilne inicijative, ACT grupa, DKolektiv \u2013 organizacija za dru\u0161tveni razvoj. Radionice se odr\u017eavaju u okviru Programa podr\u0161ke i provedbe programa EU i Programa regionalnog razvoja civilnoga dru\u0161tva i lokalnih zajednica.<\/p>\n","protected":false},"excerpt":{"rendered":"<p>Nacionalna zaklada za razvoj civilnoga dru\u0161tva na mre\u017enoj stranici ESF Platforma danas je otvorila prijave na dvodnevnu online radionicu koju \u0107e 19. i 20. travnja 2023. odr\u017eati Udruga Mi iz Splita. Prijava: DVODNEVNA ONLINE RADIONICA UDRUGE \u201cMI\u201d \u2013 19.-20.4.2023. \u2013 UPRAVLJANJE PROJEKTNIM CIKLUSOM I PROCJENA POTREBA Cilj radionice je upoznati sudionike s osnovnim pojmovima vezanima [&hellip;]<\/p>\n","protected":false},"author":1363,"featured_media":0,"comment_status":"closed","ping_status":"closed","sticky":false,"template":"","format":"standard","meta":{"_monsterinsights_skip_tracking":false,"_monsterinsights_sitenote_active":false,"_monsterinsights_sitenote_note":"","_monsterinsights_sitenote_category":0,"cybocfi_hide_featured_image":""},"categories":[222],"tags":[],"yoast_head":"<!-- This site is optimized with the Yoast SEO plugin v16.8 - https:\/\/yoast.com\/wordpress\/plugins\/seo\/ -->\n<title>Dvodnevna online radionica: Upravljanje projektnim ciklusom i procjena potreba - Europski socijalni fond<\/title>\n<meta name=\"robots\" content=\"index, follow, max-snippet:-1, max-image-preview:large, max-video-preview:-1\" \/>\n<link rel=\"canonical\" href=\"https:\/\/esf.hr\/esfplus\/dvodnevna-online-radionica-upravljanje-projektnim-ciklusom-i-procjena-potreba\/\" \/>\n<meta property=\"og:locale\" content=\"en_US\" \/>\n<meta property=\"og:type\" content=\"article\" \/>\n<meta property=\"og:title\" content=\"Dvodnevna online radionica: Upravljanje projektnim ciklusom i procjena potreba - Europski socijalni fond\" \/>\n<meta property=\"og:description\" content=\"Nacionalna zaklada za razvoj civilnoga dru\u0161tva na mre\u017enoj stranici ESF Platforma danas je otvorila prijave na dvodnevnu online radionicu koju \u0107e 19. i 20. travnja 2023. odr\u017eati Udruga Mi iz Splita. Prijava: DVODNEVNA ONLINE RADIONICA UDRUGE \u201cMI\u201d \u2013 19.-20.4.2023. \u2013 UPRAVLJANJE PROJEKTNIM CIKLUSOM I PROCJENA POTREBA Cilj radionice je upoznati sudionike s osnovnim pojmovima vezanima [&hellip;]\" \/>\n<meta property=\"og:url\" content=\"https:\/\/esf.hr\/esfplus\/dvodnevna-online-radionica-upravljanje-projektnim-ciklusom-i-procjena-potreba\/\" \/>\n<meta property=\"og:site_name\" content=\"Europski socijalni fond\" \/>\n<meta property=\"article:published_time\" content=\"2023-04-03T09:21:21+00:00\" \/>\n<meta name=\"twitter:label1\" content=\"Written by\" \/>\n\t<meta name=\"twitter:data1\" content=\"Pardus Admin\" \/>\n\t<meta name=\"twitter:label2\" content=\"Est. reading time\" \/>\n\t<meta name=\"twitter:data2\" content=\"1 minute\" \/>\n<script type=\"application\/ld+json\" class=\"yoast-schema-graph\">{\"@context\":\"https:\/\/schema.org\",\"@graph\":[{\"@type\":\"WebSite\",\"@id\":\"https:\/\/esf.hr\/esfplus\/#website\",\"url\":\"https:\/\/esf.hr\/esfplus\/\",\"name\":\"Europski socijalni fond\",\"description\":\"Program U\\u010dinkoviti ljudski potencijali 2021.-2027.\",\"potentialAction\":[{\"@type\":\"SearchAction\",\"target\":{\"@type\":\"EntryPoint\",\"urlTemplate\":\"https:\/\/esf.hr\/esfplus\/?s={search_term_string}\"},\"query-input\":\"required name=search_term_string\"}],\"inLanguage\":\"en-US\"},{\"@type\":\"WebPage\",\"@id\":\"https:\/\/esf.hr\/esfplus\/dvodnevna-online-radionica-upravljanje-projektnim-ciklusom-i-procjena-potreba\/#webpage\",\"url\":\"https:\/\/esf.hr\/esfplus\/dvodnevna-online-radionica-upravljanje-projektnim-ciklusom-i-procjena-potreba\/\",\"name\":\"Dvodnevna online radionica: Upravljanje projektnim ciklusom i procjena potreba - Europski socijalni fond\",\"isPartOf\":{\"@id\":\"https:\/\/esf.hr\/esfplus\/#website\"},\"datePublished\":\"2023-04-03T09:21:21+00:00\",\"dateModified\":\"2023-04-03T09:21:21+00:00\",\"author\":{\"@id\":\"https:\/\/esf.hr\/esfplus\/#\/schema\/person\/cce36cda03a3e76b0ff2bea9b7a49d40\"},\"breadcrumb\":{\"@id\":\"https:\/\/esf.hr\/esfplus\/dvodnevna-online-radionica-upravljanje-projektnim-ciklusom-i-procjena-potreba\/#breadcrumb\"},\"inLanguage\":\"en-US\",\"potentialAction\":[{\"@type\":\"ReadAction\",\"target\":[\"https:\/\/esf.hr\/esfplus\/dvodnevna-online-radionica-upravljanje-projektnim-ciklusom-i-procjena-potreba\/\"]}]},{\"@type\":\"BreadcrumbList\",\"@id\":\"https:\/\/esf.hr\/esfplus\/dvodnevna-online-radionica-upravljanje-projektnim-ciklusom-i-procjena-potreba\/#breadcrumb\",\"itemListElement\":[{\"@type\":\"ListItem\",\"position\":1,\"name\":\"Naslovna\",\"item\":\"https:\/\/esf.hr\/esfplus\/\"},{\"@type\":\"ListItem\",\"position\":2,\"name\":\"Dvodnevna online radionica: Upravljanje projektnim ciklusom i procjena potreba\"}]},{\"@type\":\"Person\",\"@id\":\"https:\/\/esf.hr\/esfplus\/#\/schema\/person\/cce36cda03a3e76b0ff2bea9b7a49d40\",\"name\":\"Pardus Admin\",\"image\":{\"@type\":\"ImageObject\",\"@id\":\"https:\/\/esf.hr\/esfplus\/#personlogo\",\"inLanguage\":\"en-US\",\"url\":\"https:\/\/secure.gravatar.com\/avatar\/35dcb5777215f39f2e39b7c063d8aad0?s=96&d=mm&r=g\",\"contentUrl\":\"https:\/\/secure.gravatar.com\/avatar\/35dcb5777215f39f2e39b7c063d8aad0?s=96&d=mm&r=g\",\"caption\":\"Pardus Admin\"},\"url\":\"https:\/\/esf.hr\/esfplus\/author\/pardus\/\"}]}<\/script>\n<!-- \/ Yoast SEO plugin. -->","yoast_head_json":{"title":"Dvodnevna online radionica: Upravljanje projektnim ciklusom i procjena potreba - Europski socijalni fond","robots":{"index":"index","follow":"follow","max-snippet":"max-snippet:-1","max-image-preview":"max-image-preview:large","max-video-preview":"max-video-preview:-1"},"canonical":"https:\/\/esf.hr\/esfplus\/dvodnevna-online-radionica-upravljanje-projektnim-ciklusom-i-procjena-potreba\/","og_locale":"en_US","og_type":"article","og_title":"Dvodnevna online radionica: Upravljanje projektnim ciklusom i procjena potreba - Europski socijalni fond","og_description":"Nacionalna zaklada za razvoj civilnoga dru\u0161tva na mre\u017enoj stranici ESF Platforma danas je otvorila prijave na dvodnevnu online radionicu koju \u0107e 19. i 20. travnja 2023. odr\u017eati Udruga Mi iz Splita. Prijava: DVODNEVNA ONLINE RADIONICA UDRUGE \u201cMI\u201d \u2013 19.-20.4.2023. \u2013 UPRAVLJANJE PROJEKTNIM CIKLUSOM I PROCJENA POTREBA Cilj radionice je upoznati sudionike s osnovnim pojmovima vezanima [&hellip;]","og_url":"https:\/\/esf.hr\/esfplus\/dvodnevna-online-radionica-upravljanje-projektnim-ciklusom-i-procjena-potreba\/","og_site_name":"Europski socijalni fond","article_published_time":"2023-04-03T09:21:21+00:00","twitter_misc":{"Written by":"Pardus Admin","Est. reading time":"1 minute"},"schema":{"@context":"https:\/\/schema.org","@graph":[{"@type":"WebSite","@id":"https:\/\/esf.hr\/esfplus\/#website","url":"https:\/\/esf.hr\/esfplus\/","name":"Europski socijalni fond","description":"Program U\u010dinkoviti ljudski potencijali 2021.-2027.","potentialAction":[{"@type":"SearchAction","target":{"@type":"EntryPoint","urlTemplate":"https:\/\/esf.hr\/esfplus\/?s={search_term_string}"},"query-input":"required name=search_term_string"}],"inLanguage":"en-US"},{"@type":"WebPage","@id":"https:\/\/esf.hr\/esfplus\/dvodnevna-online-radionica-upravljanje-projektnim-ciklusom-i-procjena-potreba\/#webpage","url":"https:\/\/esf.hr\/esfplus\/dvodnevna-online-radionica-upravljanje-projektnim-ciklusom-i-procjena-potreba\/","name":"Dvodnevna online radionica: Upravljanje projektnim ciklusom i procjena potreba - Europski socijalni fond","isPartOf":{"@id":"https:\/\/esf.hr\/esfplus\/#website"},"datePublished":"2023-04-03T09:21:21+00:00","dateModified":"2023-04-03T09:21:21+00:00","author":{"@id":"https:\/\/esf.hr\/esfplus\/#\/schema\/person\/cce36cda03a3e76b0ff2bea9b7a49d40"},"breadcrumb":{"@id":"https:\/\/esf.hr\/esfplus\/dvodnevna-online-radionica-upravljanje-projektnim-ciklusom-i-procjena-potreba\/#breadcrumb"},"inLanguage":"en-US","potentialAction":[{"@type":"ReadAction","target":["https:\/\/esf.hr\/esfplus\/dvodnevna-online-radionica-upravljanje-projektnim-ciklusom-i-procjena-potreba\/"]}]},{"@type":"BreadcrumbList","@id":"https:\/\/esf.hr\/esfplus\/dvodnevna-online-radionica-upravljanje-projektnim-ciklusom-i-procjena-potreba\/#breadcrumb","itemListElement":[{"@type":"ListItem","position":1,"name":"Naslovna","item":"https:\/\/esf.hr\/esfplus\/"},{"@type":"ListItem","position":2,"name":"Dvodnevna online radionica: Upravljanje projektnim ciklusom i procjena potreba"}]},{"@type":"Person","@id":"https:\/\/esf.hr\/esfplus\/#\/schema\/person\/cce36cda03a3e76b0ff2bea9b7a49d40","name":"Pardus Admin","image":{"@type":"ImageObject","@id":"https:\/\/esf.hr\/esfplus\/#personlogo","inLanguage":"en-US","url":"https:\/\/secure.gravatar.com\/avatar\/35dcb5777215f39f2e39b7c063d8aad0?s=96&d=mm&r=g","contentUrl":"https:\/\/secure.gravatar.com\/avatar\/35dcb5777215f39f2e39b7c063d8aad0?s=96&d=mm&r=g","caption":"Pardus Admin"},"url":"https:\/\/esf.hr\/esfplus\/author\/pardus\/"}]}},"_links":{"self":[{"href":"https:\/\/esf.hr\/esfplus\/wp-json\/wp\/v2\/posts\/20793"}],"collection":[{"href":"https:\/\/esf.hr\/esfplus\/wp-json\/wp\/v2\/posts"}],"about":[{"href":"https:\/\/esf.hr\/esfplus\/wp-json\/wp\/v2\/types\/post"}],"author":[{"embeddable":true,"href":"https:\/\/esf.hr\/esfplus\/wp-json\/wp\/v2\/users\/1363"}],"replies":[{"embeddable":true,"href":"https:\/\/esf.hr\/esfplus\/wp-json\/wp\/v2\/comments?post=20793"}],"version-history":[{"count":1,"href":"https:\/\/esf.hr\/esfplus\/wp-json\/wp\/v2\/posts\/20793\/revisions"}],"predecessor-version":[{"id":20794,"href":"https:\/\/esf.hr\/esfplus\/wp-json\/wp\/v2\/posts\/20793\/revisions\/20794"}],"wp:attachment":[{"href":"https:\/\/esf.hr\/esfplus\/wp-json\/wp\/v2\/media?parent=20793"}],"wp:term":[{"taxonomy":"category","embeddable":true,"href":"https:\/\/esf.hr\/esfplus\/wp-json\/wp\/v2\/categories?post=20793"},{"taxonomy":"post_tag","embeddable":true,"href":"https:\/\/esf.hr\/esfplus\/wp-json\/wp\/v2\/tags?post=20793"}],"curies":[{"name":"wp","href":"https:\/\/api.w.org\/{rel}","templated":true}]}}