{"id":20783,"date":"2023-03-31T15:30:47","date_gmt":"2023-03-31T13:30:47","guid":{"rendered":"https:\/\/esf.hr\/esfplus\/?p=20783"},"modified":"2023-04-17T10:55:39","modified_gmt":"2023-04-17T08:55:39","slug":"program-ucinkoviti-ljudski-potencijali-2021-2027-predstavljen-i-u-karlovcu","status":"publish","type":"post","link":"https:\/\/esf.hr\/esfplus\/program-ucinkoviti-ljudski-potencijali-2021-2027-predstavljen-i-u-karlovcu\/","title":{"rendered":"Program U\u010dinkoviti ljudski potencijali 2021.-2027. predstavljen i u Karlovcu"},"content":{"rendered":"<p>Nakon uspje\u0161nog predstavljanja <strong>Programa \u201eU\u010dinkoviti ljudski potencijali 2021.-2027.\u201c<\/strong> u Po\u017eegi, Vinkovcima, Rijeci, Gospi\u0107u, Dubrovniku, \u0160ibeniku i Vara\u017edinu, <strong>promocija Programa odr\u017eana je zavr\u0161no i u Karlovcu 31. o\u017eujka 2023. godine.<\/strong><\/p>\n<p>Uvodnim rije\u010dima, ispred doma\u0107ina, sudionicima su se obratili <strong>Damir Mandi\u0107, gradona\u010delnik grada Karlovca<\/strong> i <strong>Martina Furdek Hajdin, \u017eupanica Karlova\u010dke \u017eupanije<\/strong> te ispred Ministarstva rada, mirovinskoga sustava, obitelji i socijalne politike <strong>dr\u017eavni tajnik Ivan Vidi\u0161<\/strong> i <strong>ravnatelj Uprave za upravljanje operativnim programima Europske unije Vicko Marde\u0161i\u0107. <\/strong><\/p>\n<p><strong>Monika Vla\u0161i\u0107 Dropulja, voditeljica projekta<\/strong> \u201e<strong><em>Zakora\u010dimo u \u017eivot bez nasilja \u2013 unapre\u0111enje usluge psiholo\u0161kog savjetovanja \u017ertava obiteljskog nasilja<\/em><\/strong>\u201c, u ime korisnika <strong>\u017denska grupa Karlovac \u201eKorak\u201c<\/strong> predstavila je uspje\u0161no proveden projekt sufinanciran sredstvima Europskog socijalnog fonda (ESF) iz programskog razdoblja 2014.-2020.<\/p>\n<p>Ostvarene rezultate kroz \u010dak \u0161est (6) projekata i njihov doprinos lokalnoj zajednici, u ime korisnika <strong>Udruge Carpe Diem<\/strong>, predstavila je <strong>predsjednica Udruge Aleksandra Podrebarac<\/strong>.<\/p>\n<p><strong>Dr\u017eavni tajnik Ivan Vidi\u0161<\/strong> predstavio je prioritetna podru\u010dja ulaganja i ciljeve ESF+ naglasiv\u0161i da je za provedbu Programa osigurano 2,3 milijarde eura za ulaganja u zapo\u0161ljavanje, obrazovanje, socijalno uklju\u010divanje i zdravstvo kao \u010detiri klju\u010dna podru\u010dja.<\/p>\n<p>Uz interaktivnu panel raspravu predstavnika tijela u sustavu upravljanje i kontrole kori\u0161tenja ESF+ i sudionika samog doga\u0111anja, prezentirane su sve relevantne informacije o o\u010dekivanim prioritetnim podru\u010djima ulaganja i njihovoj realizaciji kroz sedmogodi\u0161nje razdoblje kao i o planiranim aktivnostima u 2023. godini.<\/p>\n\n\n<figure class=\"wp-block-gallery columns-3 is-cropped\"><ul class=\"blocks-gallery-grid\"><li class=\"blocks-gallery-item\"><figure><a href=\"https:\/\/esf.hr\/esfplus\/wp-content\/uploads\/2023\/04\/DSC_7552.jpg\" data-rel=\"photo_group-gallery-oWWx1K4T\" data-rl_title=\"\" data-rl_caption=\"\" title=\"\"><img loading=\"lazy\" width=\"1024\" height=\"683\" src=\"https:\/\/esf.hr\/esfplus\/wp-content\/uploads\/2023\/04\/DSC_7552-1024x683.jpg\" alt=\"\" data-id=\"20788\" data-full-url=\"https:\/\/esf.hr\/esfplus\/wp-content\/uploads\/2023\/04\/DSC_7552.jpg\" data-link=\"https:\/\/esf.hr\/esfplus\/dsc_7552\/\" class=\"wp-image-20788\" srcset=\"https:\/\/esf.hr\/esfplus\/wp-content\/uploads\/2023\/04\/DSC_7552-1024x683.jpg 1024w, https:\/\/esf.hr\/esfplus\/wp-content\/uploads\/2023\/04\/DSC_7552-300x200.jpg 300w, https:\/\/esf.hr\/esfplus\/wp-content\/uploads\/2023\/04\/DSC_7552-768x512.jpg 768w, https:\/\/esf.hr\/esfplus\/wp-content\/uploads\/2023\/04\/DSC_7552-1536x1024.jpg 1536w, https:\/\/esf.hr\/esfplus\/wp-content\/uploads\/2023\/04\/DSC_7552-1000x667.jpg 1000w, https:\/\/esf.hr\/esfplus\/wp-content\/uploads\/2023\/04\/DSC_7552.jpg 1620w\" sizes=\"(max-width: 1024px) 100vw, 1024px\" \/><\/a><\/figure><\/li><li class=\"blocks-gallery-item\"><figure><a href=\"https:\/\/esf.hr\/esfplus\/wp-content\/uploads\/2023\/04\/DSC_7571.jpg\" data-rel=\"photo_group-gallery-oWWx1K4T\" data-rl_title=\"\" data-rl_caption=\"\" title=\"\"><img loading=\"lazy\" width=\"1024\" height=\"683\" src=\"https:\/\/esf.hr\/esfplus\/wp-content\/uploads\/2023\/04\/DSC_7571-1024x683.jpg\" alt=\"\" data-id=\"20791\" data-full-url=\"https:\/\/esf.hr\/esfplus\/wp-content\/uploads\/2023\/04\/DSC_7571.jpg\" data-link=\"https:\/\/esf.hr\/esfplus\/dsc_7571\/\" class=\"wp-image-20791\" srcset=\"https:\/\/esf.hr\/esfplus\/wp-content\/uploads\/2023\/04\/DSC_7571-1024x683.jpg 1024w, https:\/\/esf.hr\/esfplus\/wp-content\/uploads\/2023\/04\/DSC_7571-300x200.jpg 300w, https:\/\/esf.hr\/esfplus\/wp-content\/uploads\/2023\/04\/DSC_7571-768x512.jpg 768w, https:\/\/esf.hr\/esfplus\/wp-content\/uploads\/2023\/04\/DSC_7571-1536x1024.jpg 1536w, https:\/\/esf.hr\/esfplus\/wp-content\/uploads\/2023\/04\/DSC_7571-1000x667.jpg 1000w, https:\/\/esf.hr\/esfplus\/wp-content\/uploads\/2023\/04\/DSC_7571.jpg 1620w\" sizes=\"(max-width: 1024px) 100vw, 1024px\" \/><\/a><\/figure><\/li><li class=\"blocks-gallery-item\"><figure><a href=\"https:\/\/esf.hr\/esfplus\/wp-content\/uploads\/2023\/04\/2-scaled.jpg\" data-rel=\"photo_group-gallery-oWWx1K4T\" data-rl_title=\"\" data-rl_caption=\"\" title=\"\"><img loading=\"lazy\" width=\"1024\" height=\"498\" src=\"https:\/\/esf.hr\/esfplus\/wp-content\/uploads\/2023\/04\/2-1024x498.jpg\" alt=\"\" data-id=\"20796\" data-full-url=\"https:\/\/esf.hr\/esfplus\/wp-content\/uploads\/2023\/04\/2-scaled.jpg\" data-link=\"https:\/\/esf.hr\/esfplus\/2-7\/\" class=\"wp-image-20796\" srcset=\"https:\/\/esf.hr\/esfplus\/wp-content\/uploads\/2023\/04\/2-1024x498.jpg 1024w, https:\/\/esf.hr\/esfplus\/wp-content\/uploads\/2023\/04\/2-300x146.jpg 300w, https:\/\/esf.hr\/esfplus\/wp-content\/uploads\/2023\/04\/2-768x373.jpg 768w, https:\/\/esf.hr\/esfplus\/wp-content\/uploads\/2023\/04\/2-1536x747.jpg 1536w, https:\/\/esf.hr\/esfplus\/wp-content\/uploads\/2023\/04\/2-2048x996.jpg 2048w, https:\/\/esf.hr\/esfplus\/wp-content\/uploads\/2023\/04\/2-1000x486.jpg 1000w\" sizes=\"(max-width: 1024px) 100vw, 1024px\" \/><\/a><\/figure><\/li><\/ul><figcaption class=\"blocks-gallery-caption\">Predstavljanje Programa \u201cU\u010dinkoviti ljudski potencijali 2021.-2027.\u201d<\/figcaption><\/figure>\n","protected":false},"excerpt":{"rendered":"<p>Nakon uspje\u0161nog predstavljanja Programa \u201eU\u010dinkoviti ljudski potencijali 2021.-2027.\u201c u Po\u017eegi, Vinkovcima, Rijeci, Gospi\u0107u, Dubrovniku, \u0160ibeniku i Vara\u017edinu, promocija Programa odr\u017eana je zavr\u0161no i u Karlovcu 31. o\u017eujka 2023. godine. Uvodnim rije\u010dima, ispred doma\u0107ina, sudionicima su se obratili Damir Mandi\u0107, gradona\u010delnik grada Karlovca i Martina Furdek Hajdin, \u017eupanica Karlova\u010dke \u017eupanije te ispred Ministarstva rada, mirovinskoga sustava, [&hellip;]<\/p>\n","protected":false},"author":1363,"featured_media":20795,"comment_status":"closed","ping_status":"closed","sticky":false,"template":"","format":"standard","meta":{"_monsterinsights_skip_tracking":false,"_monsterinsights_sitenote_active":false,"_monsterinsights_sitenote_note":"","_monsterinsights_sitenote_category":0,"cybocfi_hide_featured_image":""},"categories":[218],"tags":[],"yoast_head":"<!-- This site is optimized with the Yoast SEO plugin v16.8 - https:\/\/yoast.com\/wordpress\/plugins\/seo\/ -->\n<title>Program U\u010dinkoviti ljudski potencijali 2021.-2027. predstavljen i u Karlovcu - Europski socijalni fond<\/title>\n<meta name=\"robots\" content=\"index, follow, max-snippet:-1, max-image-preview:large, max-video-preview:-1\" \/>\n<link rel=\"canonical\" href=\"https:\/\/esf.hr\/esfplus\/program-ucinkoviti-ljudski-potencijali-2021-2027-predstavljen-i-u-karlovcu\/\" \/>\n<meta property=\"og:locale\" content=\"en_US\" \/>\n<meta property=\"og:type\" content=\"article\" \/>\n<meta property=\"og:title\" content=\"Program U\u010dinkoviti ljudski potencijali 2021.-2027. predstavljen i u Karlovcu - Europski socijalni fond\" \/>\n<meta property=\"og:description\" content=\"Nakon uspje\u0161nog predstavljanja Programa \u201eU\u010dinkoviti ljudski potencijali 2021.-2027.\u201c u Po\u017eegi, Vinkovcima, Rijeci, Gospi\u0107u, Dubrovniku, \u0160ibeniku i Vara\u017edinu, promocija Programa odr\u017eana je zavr\u0161no i u Karlovcu 31. o\u017eujka 2023. godine. Uvodnim rije\u010dima, ispred doma\u0107ina, sudionicima su se obratili Damir Mandi\u0107, gradona\u010delnik grada Karlovca i Martina Furdek Hajdin, \u017eupanica Karlova\u010dke \u017eupanije te ispred Ministarstva rada, mirovinskoga sustava, [&hellip;]\" \/>\n<meta property=\"og:url\" content=\"https:\/\/esf.hr\/esfplus\/program-ucinkoviti-ljudski-potencijali-2021-2027-predstavljen-i-u-karlovcu\/\" \/>\n<meta property=\"og:site_name\" content=\"Europski socijalni fond\" \/>\n<meta property=\"article:published_time\" content=\"2023-03-31T13:30:47+00:00\" \/>\n<meta property=\"article:modified_time\" content=\"2023-04-17T08:55:39+00:00\" \/>\n<meta property=\"og:image\" content=\"https:\/\/esf.hr\/esfplus\/wp-content\/uploads\/2023\/04\/1-scaled.jpg\" \/>\n\t<meta property=\"og:image:width\" content=\"2560\" \/>\n\t<meta property=\"og:image:height\" content=\"1244\" \/>\n<meta name=\"twitter:label1\" content=\"Written by\" \/>\n\t<meta name=\"twitter:data1\" content=\"Pardus Admin\" \/>\n\t<meta name=\"twitter:label2\" content=\"Est. reading time\" \/>\n\t<meta name=\"twitter:data2\" content=\"1 minute\" \/>\n<script type=\"application\/ld+json\" class=\"yoast-schema-graph\">{\"@context\":\"https:\/\/schema.org\",\"@graph\":[{\"@type\":\"WebSite\",\"@id\":\"https:\/\/esf.hr\/esfplus\/#website\",\"url\":\"https:\/\/esf.hr\/esfplus\/\",\"name\":\"Europski socijalni fond\",\"description\":\"Program U\\u010dinkoviti ljudski potencijali 2021.-2027.\",\"potentialAction\":[{\"@type\":\"SearchAction\",\"target\":{\"@type\":\"EntryPoint\",\"urlTemplate\":\"https:\/\/esf.hr\/esfplus\/?s={search_term_string}\"},\"query-input\":\"required name=search_term_string\"}],\"inLanguage\":\"en-US\"},{\"@type\":\"ImageObject\",\"@id\":\"https:\/\/esf.hr\/esfplus\/program-ucinkoviti-ljudski-potencijali-2021-2027-predstavljen-i-u-karlovcu\/#primaryimage\",\"inLanguage\":\"en-US\",\"url\":\"https:\/\/esf.hr\/esfplus\/wp-content\/uploads\/2023\/04\/1-scaled.jpg\",\"contentUrl\":\"https:\/\/esf.hr\/esfplus\/wp-content\/uploads\/2023\/04\/1-scaled.jpg\",\"width\":2560,\"height\":1244},{\"@type\":\"WebPage\",\"@id\":\"https:\/\/esf.hr\/esfplus\/program-ucinkoviti-ljudski-potencijali-2021-2027-predstavljen-i-u-karlovcu\/#webpage\",\"url\":\"https:\/\/esf.hr\/esfplus\/program-ucinkoviti-ljudski-potencijali-2021-2027-predstavljen-i-u-karlovcu\/\",\"name\":\"Program U\\u010dinkoviti ljudski potencijali 2021.-2027. predstavljen i u Karlovcu - Europski socijalni fond\",\"isPartOf\":{\"@id\":\"https:\/\/esf.hr\/esfplus\/#website\"},\"primaryImageOfPage\":{\"@id\":\"https:\/\/esf.hr\/esfplus\/program-ucinkoviti-ljudski-potencijali-2021-2027-predstavljen-i-u-karlovcu\/#primaryimage\"},\"datePublished\":\"2023-03-31T13:30:47+00:00\",\"dateModified\":\"2023-04-17T08:55:39+00:00\",\"author\":{\"@id\":\"https:\/\/esf.hr\/esfplus\/#\/schema\/person\/cce36cda03a3e76b0ff2bea9b7a49d40\"},\"breadcrumb\":{\"@id\":\"https:\/\/esf.hr\/esfplus\/program-ucinkoviti-ljudski-potencijali-2021-2027-predstavljen-i-u-karlovcu\/#breadcrumb\"},\"inLanguage\":\"en-US\",\"potentialAction\":[{\"@type\":\"ReadAction\",\"target\":[\"https:\/\/esf.hr\/esfplus\/program-ucinkoviti-ljudski-potencijali-2021-2027-predstavljen-i-u-karlovcu\/\"]}]},{\"@type\":\"BreadcrumbList\",\"@id\":\"https:\/\/esf.hr\/esfplus\/program-ucinkoviti-ljudski-potencijali-2021-2027-predstavljen-i-u-karlovcu\/#breadcrumb\",\"itemListElement\":[{\"@type\":\"ListItem\",\"position\":1,\"name\":\"Naslovna\",\"item\":\"https:\/\/esf.hr\/esfplus\/\"},{\"@type\":\"ListItem\",\"position\":2,\"name\":\"Program U\\u010dinkoviti ljudski potencijali 2021.-2027. predstavljen i u Karlovcu\"}]},{\"@type\":\"Person\",\"@id\":\"https:\/\/esf.hr\/esfplus\/#\/schema\/person\/cce36cda03a3e76b0ff2bea9b7a49d40\",\"name\":\"Pardus Admin\",\"image\":{\"@type\":\"ImageObject\",\"@id\":\"https:\/\/esf.hr\/esfplus\/#personlogo\",\"inLanguage\":\"en-US\",\"url\":\"https:\/\/secure.gravatar.com\/avatar\/35dcb5777215f39f2e39b7c063d8aad0?s=96&d=mm&r=g\",\"contentUrl\":\"https:\/\/secure.gravatar.com\/avatar\/35dcb5777215f39f2e39b7c063d8aad0?s=96&d=mm&r=g\",\"caption\":\"Pardus Admin\"},\"url\":\"https:\/\/esf.hr\/esfplus\/author\/pardus\/\"}]}<\/script>\n<!-- \/ Yoast SEO plugin. -->","yoast_head_json":{"title":"Program U\u010dinkoviti ljudski potencijali 2021.-2027. predstavljen i u Karlovcu - Europski socijalni fond","robots":{"index":"index","follow":"follow","max-snippet":"max-snippet:-1","max-image-preview":"max-image-preview:large","max-video-preview":"max-video-preview:-1"},"canonical":"https:\/\/esf.hr\/esfplus\/program-ucinkoviti-ljudski-potencijali-2021-2027-predstavljen-i-u-karlovcu\/","og_locale":"en_US","og_type":"article","og_title":"Program U\u010dinkoviti ljudski potencijali 2021.-2027. predstavljen i u Karlovcu - Europski socijalni fond","og_description":"Nakon uspje\u0161nog predstavljanja Programa \u201eU\u010dinkoviti ljudski potencijali 2021.-2027.\u201c u Po\u017eegi, Vinkovcima, Rijeci, Gospi\u0107u, Dubrovniku, \u0160ibeniku i Vara\u017edinu, promocija Programa odr\u017eana je zavr\u0161no i u Karlovcu 31. o\u017eujka 2023. godine. Uvodnim rije\u010dima, ispred doma\u0107ina, sudionicima su se obratili Damir Mandi\u0107, gradona\u010delnik grada Karlovca i Martina Furdek Hajdin, \u017eupanica Karlova\u010dke \u017eupanije te ispred Ministarstva rada, mirovinskoga sustava, [&hellip;]","og_url":"https:\/\/esf.hr\/esfplus\/program-ucinkoviti-ljudski-potencijali-2021-2027-predstavljen-i-u-karlovcu\/","og_site_name":"Europski socijalni fond","article_published_time":"2023-03-31T13:30:47+00:00","article_modified_time":"2023-04-17T08:55:39+00:00","og_image":[{"width":2560,"height":1244,"url":"https:\/\/esf.hr\/esfplus\/wp-content\/uploads\/2023\/04\/1-scaled.jpg","path":"\/home\/esf\/public_html\/esfplus\/wp-content\/uploads\/2023\/04\/1-scaled.jpg","size":"full","id":20795,"alt":"","pixels":3184640,"type":"image\/jpeg"}],"twitter_misc":{"Written by":"Pardus Admin","Est. reading time":"1 minute"},"schema":{"@context":"https:\/\/schema.org","@graph":[{"@type":"WebSite","@id":"https:\/\/esf.hr\/esfplus\/#website","url":"https:\/\/esf.hr\/esfplus\/","name":"Europski socijalni fond","description":"Program U\u010dinkoviti ljudski potencijali 2021.-2027.","potentialAction":[{"@type":"SearchAction","target":{"@type":"EntryPoint","urlTemplate":"https:\/\/esf.hr\/esfplus\/?s={search_term_string}"},"query-input":"required name=search_term_string"}],"inLanguage":"en-US"},{"@type":"ImageObject","@id":"https:\/\/esf.hr\/esfplus\/program-ucinkoviti-ljudski-potencijali-2021-2027-predstavljen-i-u-karlovcu\/#primaryimage","inLanguage":"en-US","url":"https:\/\/esf.hr\/esfplus\/wp-content\/uploads\/2023\/04\/1-scaled.jpg","contentUrl":"https:\/\/esf.hr\/esfplus\/wp-content\/uploads\/2023\/04\/1-scaled.jpg","width":2560,"height":1244},{"@type":"WebPage","@id":"https:\/\/esf.hr\/esfplus\/program-ucinkoviti-ljudski-potencijali-2021-2027-predstavljen-i-u-karlovcu\/#webpage","url":"https:\/\/esf.hr\/esfplus\/program-ucinkoviti-ljudski-potencijali-2021-2027-predstavljen-i-u-karlovcu\/","name":"Program U\u010dinkoviti ljudski potencijali 2021.-2027. predstavljen i u Karlovcu - Europski socijalni fond","isPartOf":{"@id":"https:\/\/esf.hr\/esfplus\/#website"},"primaryImageOfPage":{"@id":"https:\/\/esf.hr\/esfplus\/program-ucinkoviti-ljudski-potencijali-2021-2027-predstavljen-i-u-karlovcu\/#primaryimage"},"datePublished":"2023-03-31T13:30:47+00:00","dateModified":"2023-04-17T08:55:39+00:00","author":{"@id":"https:\/\/esf.hr\/esfplus\/#\/schema\/person\/cce36cda03a3e76b0ff2bea9b7a49d40"},"breadcrumb":{"@id":"https:\/\/esf.hr\/esfplus\/program-ucinkoviti-ljudski-potencijali-2021-2027-predstavljen-i-u-karlovcu\/#breadcrumb"},"inLanguage":"en-US","potentialAction":[{"@type":"ReadAction","target":["https:\/\/esf.hr\/esfplus\/program-ucinkoviti-ljudski-potencijali-2021-2027-predstavljen-i-u-karlovcu\/"]}]},{"@type":"BreadcrumbList","@id":"https:\/\/esf.hr\/esfplus\/program-ucinkoviti-ljudski-potencijali-2021-2027-predstavljen-i-u-karlovcu\/#breadcrumb","itemListElement":[{"@type":"ListItem","position":1,"name":"Naslovna","item":"https:\/\/esf.hr\/esfplus\/"},{"@type":"ListItem","position":2,"name":"Program U\u010dinkoviti ljudski potencijali 2021.-2027. predstavljen i u Karlovcu"}]},{"@type":"Person","@id":"https:\/\/esf.hr\/esfplus\/#\/schema\/person\/cce36cda03a3e76b0ff2bea9b7a49d40","name":"Pardus Admin","image":{"@type":"ImageObject","@id":"https:\/\/esf.hr\/esfplus\/#personlogo","inLanguage":"en-US","url":"https:\/\/secure.gravatar.com\/avatar\/35dcb5777215f39f2e39b7c063d8aad0?s=96&d=mm&r=g","contentUrl":"https:\/\/secure.gravatar.com\/avatar\/35dcb5777215f39f2e39b7c063d8aad0?s=96&d=mm&r=g","caption":"Pardus Admin"},"url":"https:\/\/esf.hr\/esfplus\/author\/pardus\/"}]}},"_links":{"self":[{"href":"https:\/\/esf.hr\/esfplus\/wp-json\/wp\/v2\/posts\/20783"}],"collection":[{"href":"https:\/\/esf.hr\/esfplus\/wp-json\/wp\/v2\/posts"}],"about":[{"href":"https:\/\/esf.hr\/esfplus\/wp-json\/wp\/v2\/types\/post"}],"author":[{"embeddable":true,"href":"https:\/\/esf.hr\/esfplus\/wp-json\/wp\/v2\/users\/1363"}],"replies":[{"embeddable":true,"href":"https:\/\/esf.hr\/esfplus\/wp-json\/wp\/v2\/comments?post=20783"}],"version-history":[{"count":5,"href":"https:\/\/esf.hr\/esfplus\/wp-json\/wp\/v2\/posts\/20783\/revisions"}],"predecessor-version":[{"id":20844,"href":"https:\/\/esf.hr\/esfplus\/wp-json\/wp\/v2\/posts\/20783\/revisions\/20844"}],"wp:featuredmedia":[{"embeddable":true,"href":"https:\/\/esf.hr\/esfplus\/wp-json\/wp\/v2\/media\/20795"}],"wp:attachment":[{"href":"https:\/\/esf.hr\/esfplus\/wp-json\/wp\/v2\/media?parent=20783"}],"wp:term":[{"taxonomy":"category","embeddable":true,"href":"https:\/\/esf.hr\/esfplus\/wp-json\/wp\/v2\/categories?post=20783"},{"taxonomy":"post_tag","embeddable":true,"href":"https:\/\/esf.hr\/esfplus\/wp-json\/wp\/v2\/tags?post=20783"}],"curies":[{"name":"wp","href":"https:\/\/api.w.org\/{rel}","templated":true}]}}