{"id":20773,"date":"2023-03-29T12:49:18","date_gmt":"2023-03-29T10:49:18","guid":{"rendered":"https:\/\/esf.hr\/esfplus\/?p=20773"},"modified":"2023-03-29T12:49:18","modified_gmt":"2023-03-29T10:49:18","slug":"donesena-odluka-o-financiranju-operacije-ublazavanje-socio-ekonomskih-posljedica-pandemije-koronavirusa-ocuvanjem-radnih-mjesta-hrvatskog-zavoda-za-zaposljavanje","status":"publish","type":"post","link":"https:\/\/esf.hr\/esfplus\/donesena-odluka-o-financiranju-operacije-ublazavanje-socio-ekonomskih-posljedica-pandemije-koronavirusa-ocuvanjem-radnih-mjesta-hrvatskog-zavoda-za-zaposljavanje\/","title":{"rendered":"Donesena Odluka o financiranju operacije \u201eUbla\u017eavanje socio-ekonomskih posljedica pandemije koronavirusa o\u010duvanjem radnih mjesta\u201c Hrvatskog zavoda za zapo\u0161ljavanje"},"content":{"rendered":"<p>Ministarstvo rada, mirovinskoga sustava, obitelji i socijalne politike, Upravlja\u010dko tijelo Operativnog programa \u201eU\u010dinkoviti ljudski potencijali 2014. &#8211; 2020.\u201c, nakon provedenog postupka izravne dodjele sredstava u okviru Poziva Hrvatskom zavodu za zapo\u0161ljavanje za dostavu prijedloga operacije \u201eUbla\u017eavanje socio-ekonomskih posljedica pandemije koronavirusa o\u010duvanjem radnih mjesta\u201c koja \u0107e se financirati kao izravna dodjela sredstava u okviru Prioritetne osi 6 \u201ePoticanje sanacije krize u kontekstu pandemije COVID-19\u201c, Specifi\u010dnog cilja 13.i.1 \u201eO\u010duvanje radnih mjesta u kontekstu pandemije COVID-19\u201c, Operativnog programa \u201eU\u010dinkoviti ljudski potencijali 2014. &#8211; 2020.\u201c (UP.06.1.1.01.0001), donijelo je 27. o\u017eujka 2023. godine Odluku o financiranju.<\/p>\n<p>Ukupna vrijednost operacije \u201eUbla\u017eavanje socio-ekonomskih posljedica pandemije koronavirusa o\u010duvanjem radnih mjesta\u201c i iznos bespovratnih sredstava je 530.000.000,00 EUR (3.993.285.000,00 HRK).<\/p>\n<p>Hrvatski zavod za zapo\u0161ljavanje provodi ovu operaciju u svrhu za\u0161tite radnih mjesta, zadr\u017eavanja radnika u zaposlenosti i ubla\u017eavanja posljedica gospodarskog pada izazvanog globalnom pandemijom koronavirusa, koja bi u protivnom imala nesagledive posljedice u svim segmentima svakodnevnog \u017eivota. Temelj za provedbu operacije \u010dine mjere Vlade Republike Hrvatske usvojene u o\u017eujku 2020. godine, a bespovratna sredstva osigurana su iz Europskog socijalnog fonda i Pomo\u0107i za oporavak, koheziju i europska podru\u010dja (REACT EU) (100%). Dodjela potpora u okviru ove operacije doprinosi zadr\u017eavanju radnika u zaposlenosti, kao i ubla\u017eavanju posljedica naru\u0161ene gospodarske aktivnosti pogo\u0111enih djelatnosti.<\/p>\n<p>Odluka o financiranju nalazi se <a href=\"http:\/\/www.esf.hr\/wordpress\/wp-content\/uploads\/2023\/03\/Odluka-o-financiranju_ORM.pdf\">OVDJE<\/a>.<\/p>\n","protected":false},"excerpt":{"rendered":"<p>Ministarstvo rada, mirovinskoga sustava, obitelji i socijalne politike, Upravlja\u010dko tijelo Operativnog programa \u201eU\u010dinkoviti ljudski potencijali 2014. &#8211; 2020.\u201c, nakon provedenog postupka izravne dodjele sredstava u okviru Poziva Hrvatskom zavodu za zapo\u0161ljavanje za dostavu prijedloga operacije \u201eUbla\u017eavanje socio-ekonomskih posljedica pandemije koronavirusa o\u010duvanjem radnih mjesta\u201c koja \u0107e se financirati kao izravna dodjela sredstava u okviru Prioritetne osi [&hellip;]<\/p>\n","protected":false},"author":1363,"featured_media":0,"comment_status":"closed","ping_status":"closed","sticky":false,"template":"","format":"standard","meta":{"_monsterinsights_skip_tracking":false,"_monsterinsights_sitenote_active":false,"_monsterinsights_sitenote_note":"","_monsterinsights_sitenote_category":0,"cybocfi_hide_featured_image":""},"categories":[222],"tags":[],"yoast_head":"<!-- This site is optimized with the Yoast SEO plugin v16.8 - https:\/\/yoast.com\/wordpress\/plugins\/seo\/ -->\n<title>Donesena Odluka o financiranju operacije \u201eUbla\u017eavanje socio-ekonomskih posljedica pandemije koronavirusa o\u010duvanjem radnih mjesta\u201c Hrvatskog zavoda za zapo\u0161ljavanje - Europski socijalni fond<\/title>\n<meta name=\"robots\" content=\"index, follow, max-snippet:-1, max-image-preview:large, max-video-preview:-1\" \/>\n<link rel=\"canonical\" href=\"https:\/\/esf.hr\/esfplus\/donesena-odluka-o-financiranju-operacije-ublazavanje-socio-ekonomskih-posljedica-pandemije-koronavirusa-ocuvanjem-radnih-mjesta-hrvatskog-zavoda-za-zaposljavanje\/\" \/>\n<meta property=\"og:locale\" content=\"en_US\" \/>\n<meta property=\"og:type\" content=\"article\" \/>\n<meta property=\"og:title\" content=\"Donesena Odluka o financiranju operacije \u201eUbla\u017eavanje socio-ekonomskih posljedica pandemije koronavirusa o\u010duvanjem radnih mjesta\u201c Hrvatskog zavoda za zapo\u0161ljavanje - Europski socijalni fond\" \/>\n<meta property=\"og:description\" content=\"Ministarstvo rada, mirovinskoga sustava, obitelji i socijalne politike, Upravlja\u010dko tijelo Operativnog programa \u201eU\u010dinkoviti ljudski potencijali 2014. &#8211; 2020.\u201c, nakon provedenog postupka izravne dodjele sredstava u okviru Poziva Hrvatskom zavodu za zapo\u0161ljavanje za dostavu prijedloga operacije \u201eUbla\u017eavanje socio-ekonomskih posljedica pandemije koronavirusa o\u010duvanjem radnih mjesta\u201c koja \u0107e se financirati kao izravna dodjela sredstava u okviru Prioritetne osi [&hellip;]\" \/>\n<meta property=\"og:url\" content=\"https:\/\/esf.hr\/esfplus\/donesena-odluka-o-financiranju-operacije-ublazavanje-socio-ekonomskih-posljedica-pandemije-koronavirusa-ocuvanjem-radnih-mjesta-hrvatskog-zavoda-za-zaposljavanje\/\" \/>\n<meta property=\"og:site_name\" content=\"Europski socijalni fond\" \/>\n<meta property=\"article:published_time\" content=\"2023-03-29T10:49:18+00:00\" \/>\n<meta name=\"twitter:label1\" content=\"Written by\" \/>\n\t<meta name=\"twitter:data1\" content=\"Pardus Admin\" \/>\n\t<meta name=\"twitter:label2\" content=\"Est. reading time\" \/>\n\t<meta name=\"twitter:data2\" content=\"1 minute\" \/>\n<script type=\"application\/ld+json\" class=\"yoast-schema-graph\">{\"@context\":\"https:\/\/schema.org\",\"@graph\":[{\"@type\":\"WebSite\",\"@id\":\"https:\/\/esf.hr\/esfplus\/#website\",\"url\":\"https:\/\/esf.hr\/esfplus\/\",\"name\":\"Europski socijalni fond\",\"description\":\"Program U\\u010dinkoviti ljudski potencijali 2021.-2027.\",\"potentialAction\":[{\"@type\":\"SearchAction\",\"target\":{\"@type\":\"EntryPoint\",\"urlTemplate\":\"https:\/\/esf.hr\/esfplus\/?s={search_term_string}\"},\"query-input\":\"required name=search_term_string\"}],\"inLanguage\":\"en-US\"},{\"@type\":\"WebPage\",\"@id\":\"https:\/\/esf.hr\/esfplus\/donesena-odluka-o-financiranju-operacije-ublazavanje-socio-ekonomskih-posljedica-pandemije-koronavirusa-ocuvanjem-radnih-mjesta-hrvatskog-zavoda-za-zaposljavanje\/#webpage\",\"url\":\"https:\/\/esf.hr\/esfplus\/donesena-odluka-o-financiranju-operacije-ublazavanje-socio-ekonomskih-posljedica-pandemije-koronavirusa-ocuvanjem-radnih-mjesta-hrvatskog-zavoda-za-zaposljavanje\/\",\"name\":\"Donesena Odluka o financiranju operacije \\u201eUbla\\u017eavanje socio-ekonomskih posljedica pandemije koronavirusa o\\u010duvanjem radnih mjesta\\u201c Hrvatskog zavoda za zapo\\u0161ljavanje - Europski socijalni fond\",\"isPartOf\":{\"@id\":\"https:\/\/esf.hr\/esfplus\/#website\"},\"datePublished\":\"2023-03-29T10:49:18+00:00\",\"dateModified\":\"2023-03-29T10:49:18+00:00\",\"author\":{\"@id\":\"https:\/\/esf.hr\/esfplus\/#\/schema\/person\/cce36cda03a3e76b0ff2bea9b7a49d40\"},\"breadcrumb\":{\"@id\":\"https:\/\/esf.hr\/esfplus\/donesena-odluka-o-financiranju-operacije-ublazavanje-socio-ekonomskih-posljedica-pandemije-koronavirusa-ocuvanjem-radnih-mjesta-hrvatskog-zavoda-za-zaposljavanje\/#breadcrumb\"},\"inLanguage\":\"en-US\",\"potentialAction\":[{\"@type\":\"ReadAction\",\"target\":[\"https:\/\/esf.hr\/esfplus\/donesena-odluka-o-financiranju-operacije-ublazavanje-socio-ekonomskih-posljedica-pandemije-koronavirusa-ocuvanjem-radnih-mjesta-hrvatskog-zavoda-za-zaposljavanje\/\"]}]},{\"@type\":\"BreadcrumbList\",\"@id\":\"https:\/\/esf.hr\/esfplus\/donesena-odluka-o-financiranju-operacije-ublazavanje-socio-ekonomskih-posljedica-pandemije-koronavirusa-ocuvanjem-radnih-mjesta-hrvatskog-zavoda-za-zaposljavanje\/#breadcrumb\",\"itemListElement\":[{\"@type\":\"ListItem\",\"position\":1,\"name\":\"Naslovna\",\"item\":\"https:\/\/esf.hr\/esfplus\/\"},{\"@type\":\"ListItem\",\"position\":2,\"name\":\"Donesena Odluka o financiranju operacije \\u201eUbla\\u017eavanje socio-ekonomskih posljedica pandemije koronavirusa o\\u010duvanjem radnih mjesta\\u201c Hrvatskog zavoda za zapo\\u0161ljavanje\"}]},{\"@type\":\"Person\",\"@id\":\"https:\/\/esf.hr\/esfplus\/#\/schema\/person\/cce36cda03a3e76b0ff2bea9b7a49d40\",\"name\":\"Pardus Admin\",\"image\":{\"@type\":\"ImageObject\",\"@id\":\"https:\/\/esf.hr\/esfplus\/#personlogo\",\"inLanguage\":\"en-US\",\"url\":\"https:\/\/secure.gravatar.com\/avatar\/35dcb5777215f39f2e39b7c063d8aad0?s=96&d=mm&r=g\",\"contentUrl\":\"https:\/\/secure.gravatar.com\/avatar\/35dcb5777215f39f2e39b7c063d8aad0?s=96&d=mm&r=g\",\"caption\":\"Pardus Admin\"},\"url\":\"https:\/\/esf.hr\/esfplus\/author\/pardus\/\"}]}<\/script>\n<!-- \/ Yoast SEO plugin. -->","yoast_head_json":{"title":"Donesena Odluka o financiranju operacije \u201eUbla\u017eavanje socio-ekonomskih posljedica pandemije koronavirusa o\u010duvanjem radnih mjesta\u201c Hrvatskog zavoda za zapo\u0161ljavanje - Europski socijalni fond","robots":{"index":"index","follow":"follow","max-snippet":"max-snippet:-1","max-image-preview":"max-image-preview:large","max-video-preview":"max-video-preview:-1"},"canonical":"https:\/\/esf.hr\/esfplus\/donesena-odluka-o-financiranju-operacije-ublazavanje-socio-ekonomskih-posljedica-pandemije-koronavirusa-ocuvanjem-radnih-mjesta-hrvatskog-zavoda-za-zaposljavanje\/","og_locale":"en_US","og_type":"article","og_title":"Donesena Odluka o financiranju operacije \u201eUbla\u017eavanje socio-ekonomskih posljedica pandemije koronavirusa o\u010duvanjem radnih mjesta\u201c Hrvatskog zavoda za zapo\u0161ljavanje - Europski socijalni fond","og_description":"Ministarstvo rada, mirovinskoga sustava, obitelji i socijalne politike, Upravlja\u010dko tijelo Operativnog programa \u201eU\u010dinkoviti ljudski potencijali 2014. &#8211; 2020.\u201c, nakon provedenog postupka izravne dodjele sredstava u okviru Poziva Hrvatskom zavodu za zapo\u0161ljavanje za dostavu prijedloga operacije \u201eUbla\u017eavanje socio-ekonomskih posljedica pandemije koronavirusa o\u010duvanjem radnih mjesta\u201c koja \u0107e se financirati kao izravna dodjela sredstava u okviru Prioritetne osi [&hellip;]","og_url":"https:\/\/esf.hr\/esfplus\/donesena-odluka-o-financiranju-operacije-ublazavanje-socio-ekonomskih-posljedica-pandemije-koronavirusa-ocuvanjem-radnih-mjesta-hrvatskog-zavoda-za-zaposljavanje\/","og_site_name":"Europski socijalni fond","article_published_time":"2023-03-29T10:49:18+00:00","twitter_misc":{"Written by":"Pardus Admin","Est. reading time":"1 minute"},"schema":{"@context":"https:\/\/schema.org","@graph":[{"@type":"WebSite","@id":"https:\/\/esf.hr\/esfplus\/#website","url":"https:\/\/esf.hr\/esfplus\/","name":"Europski socijalni fond","description":"Program U\u010dinkoviti ljudski potencijali 2021.-2027.","potentialAction":[{"@type":"SearchAction","target":{"@type":"EntryPoint","urlTemplate":"https:\/\/esf.hr\/esfplus\/?s={search_term_string}"},"query-input":"required name=search_term_string"}],"inLanguage":"en-US"},{"@type":"WebPage","@id":"https:\/\/esf.hr\/esfplus\/donesena-odluka-o-financiranju-operacije-ublazavanje-socio-ekonomskih-posljedica-pandemije-koronavirusa-ocuvanjem-radnih-mjesta-hrvatskog-zavoda-za-zaposljavanje\/#webpage","url":"https:\/\/esf.hr\/esfplus\/donesena-odluka-o-financiranju-operacije-ublazavanje-socio-ekonomskih-posljedica-pandemije-koronavirusa-ocuvanjem-radnih-mjesta-hrvatskog-zavoda-za-zaposljavanje\/","name":"Donesena Odluka o financiranju operacije \u201eUbla\u017eavanje socio-ekonomskih posljedica pandemije koronavirusa o\u010duvanjem radnih mjesta\u201c Hrvatskog zavoda za zapo\u0161ljavanje - Europski socijalni fond","isPartOf":{"@id":"https:\/\/esf.hr\/esfplus\/#website"},"datePublished":"2023-03-29T10:49:18+00:00","dateModified":"2023-03-29T10:49:18+00:00","author":{"@id":"https:\/\/esf.hr\/esfplus\/#\/schema\/person\/cce36cda03a3e76b0ff2bea9b7a49d40"},"breadcrumb":{"@id":"https:\/\/esf.hr\/esfplus\/donesena-odluka-o-financiranju-operacije-ublazavanje-socio-ekonomskih-posljedica-pandemije-koronavirusa-ocuvanjem-radnih-mjesta-hrvatskog-zavoda-za-zaposljavanje\/#breadcrumb"},"inLanguage":"en-US","potentialAction":[{"@type":"ReadAction","target":["https:\/\/esf.hr\/esfplus\/donesena-odluka-o-financiranju-operacije-ublazavanje-socio-ekonomskih-posljedica-pandemije-koronavirusa-ocuvanjem-radnih-mjesta-hrvatskog-zavoda-za-zaposljavanje\/"]}]},{"@type":"BreadcrumbList","@id":"https:\/\/esf.hr\/esfplus\/donesena-odluka-o-financiranju-operacije-ublazavanje-socio-ekonomskih-posljedica-pandemije-koronavirusa-ocuvanjem-radnih-mjesta-hrvatskog-zavoda-za-zaposljavanje\/#breadcrumb","itemListElement":[{"@type":"ListItem","position":1,"name":"Naslovna","item":"https:\/\/esf.hr\/esfplus\/"},{"@type":"ListItem","position":2,"name":"Donesena Odluka o financiranju operacije \u201eUbla\u017eavanje socio-ekonomskih posljedica pandemije koronavirusa o\u010duvanjem radnih mjesta\u201c Hrvatskog zavoda za zapo\u0161ljavanje"}]},{"@type":"Person","@id":"https:\/\/esf.hr\/esfplus\/#\/schema\/person\/cce36cda03a3e76b0ff2bea9b7a49d40","name":"Pardus Admin","image":{"@type":"ImageObject","@id":"https:\/\/esf.hr\/esfplus\/#personlogo","inLanguage":"en-US","url":"https:\/\/secure.gravatar.com\/avatar\/35dcb5777215f39f2e39b7c063d8aad0?s=96&d=mm&r=g","contentUrl":"https:\/\/secure.gravatar.com\/avatar\/35dcb5777215f39f2e39b7c063d8aad0?s=96&d=mm&r=g","caption":"Pardus Admin"},"url":"https:\/\/esf.hr\/esfplus\/author\/pardus\/"}]}},"_links":{"self":[{"href":"https:\/\/esf.hr\/esfplus\/wp-json\/wp\/v2\/posts\/20773"}],"collection":[{"href":"https:\/\/esf.hr\/esfplus\/wp-json\/wp\/v2\/posts"}],"about":[{"href":"https:\/\/esf.hr\/esfplus\/wp-json\/wp\/v2\/types\/post"}],"author":[{"embeddable":true,"href":"https:\/\/esf.hr\/esfplus\/wp-json\/wp\/v2\/users\/1363"}],"replies":[{"embeddable":true,"href":"https:\/\/esf.hr\/esfplus\/wp-json\/wp\/v2\/comments?post=20773"}],"version-history":[{"count":1,"href":"https:\/\/esf.hr\/esfplus\/wp-json\/wp\/v2\/posts\/20773\/revisions"}],"predecessor-version":[{"id":20774,"href":"https:\/\/esf.hr\/esfplus\/wp-json\/wp\/v2\/posts\/20773\/revisions\/20774"}],"wp:attachment":[{"href":"https:\/\/esf.hr\/esfplus\/wp-json\/wp\/v2\/media?parent=20773"}],"wp:term":[{"taxonomy":"category","embeddable":true,"href":"https:\/\/esf.hr\/esfplus\/wp-json\/wp\/v2\/categories?post=20773"},{"taxonomy":"post_tag","embeddable":true,"href":"https:\/\/esf.hr\/esfplus\/wp-json\/wp\/v2\/tags?post=20773"}],"curies":[{"name":"wp","href":"https:\/\/api.w.org\/{rel}","templated":true}]}}