{"id":20567,"date":"2023-03-01T08:16:31","date_gmt":"2023-03-01T07:16:31","guid":{"rendered":"https:\/\/esf.hr\/esfplus\/?p=20567"},"modified":"2023-03-01T09:18:20","modified_gmt":"2023-03-01T08:18:20","slug":"predstavljen-europski-socijalni-fond-plus-za-razdoblje-2021-2027","status":"publish","type":"post","link":"https:\/\/esf.hr\/esfplus\/predstavljen-europski-socijalni-fond-plus-za-razdoblje-2021-2027\/","title":{"rendered":"Predstavljen Europski socijalni fond plus za razdoblje 2021. \u2013 2027."},"content":{"rendered":"\n<p>Na konferenciji&nbsp;<strong>\u201eEuropski socijalni fond plus za razvojno desetlje\u0107e\u201c&nbsp;<\/strong>koju su otvorili povjerenik Europske komisije za zapo\u0161ljavanje i socijalna prava&nbsp;<strong>Nicolas Schmit&nbsp;<\/strong>i ministar&nbsp;<strong>Marin Pileti\u0107<\/strong>&nbsp;predstavljene su mogu\u0107nosti koje su Republici Hrvatskoj na raspolaganju iz Europskog socijalnog fonda plus (ESF+) za novo sedmogodi\u0161nje programsko razdoblje.<br><br>Ministar Marin Pileti\u0107 uvodno je istaknuo kako je Hrvatskoj na raspolaganju 2,27 milijardi eura iz Europskog socijalnog fonda plus te kako \u0107e u novom sedmogodi\u0161njem razdoblju ciljevi biti podizanje zaposlenosti, cjelo\u017eivotno obrazovanje i smanjenje rizika od siroma\u0161tva.<br><br>Pove\u0107anje stope zaposlenosti na 75 posto, uklju\u010denje 55 posto odraslih u cjelo\u017eivotno obrazovanje i smanjenje stope ljudi u riziku od siroma\u0161tva na 15 posto &#8211; tri su hrvatska strate\u0161ka cilja, naglasio je ministar Pileti\u0107 te podsjetio na projekt Za\u017eeli u okviru kojeg je zaposleno 80 000 \u017eena u pomo\u0107i starijim osobama koji se nastavlja i dalje s time da vi\u0161e ne\u0107e biti limitiran na godinu dana kao do sada, nego minimalno na tri godine.<br><br>Podsjetio je kako je Hrvatska u posljednjoj godini kori\u0161tenja sredstava iz ESF-a za razdoblje od 2014. do 2020. kojima je glavni cilj bio stabilizacija tr\u017ei\u0161ta rada te da se mogu o\u010dekivati prvi javni pozivi i kori\u0161tenje sredstava iz novog ESF+.<br><br>\u201eU proteklom razdoblju imali smo na raspolaganju 1,9 milijardi eura kroz ESF, a s obzirom na pregovore s Europskom komisijom i na postignute rezultate, Komisija je predvidjela gotovo dvije milijarde sad ve\u0107 biv\u0161ih kuna vi\u0161e za sljede\u0107e programsko razdoblje, koje \u0107emo imati na raspolaganju do 2027.&#8221;, rekao je ministar.<br><br>Za sljede\u0107e programsko razdoblje najavio je tri programska cilja za iskori\u0161tavanje sredstava iz ESF+, prvi od kojih je dostizanje stope zaposlenosti od 75 posto u odnosu na trenutnih 69,9 posto u Hrvatskoj.<br><br>Drugi je aktivacija, odnosno uklju\u010divanje 55 posto odraslog stanovni\u0161tva u proces cjelo\u017eivotnog obrazovanja, dok je tre\u0107i smanjenje za vi\u0161e od 300 tisu\u0107a gra\u0111ana koji su riziku od siroma\u0161tva, a u suradnji s drugim mjerama i fondovima.<br><br>\u201cZahvaljujem Vladi i socijalnim partnerima na plodonosnoj raspravi i razmjeni informacija, i pozdravljam sve vrlo konstruktivne reformske napore. Inspirativno je vidjeti kako europski fondovi na bolje mijenjaju \u017eivot svih gra\u0111ana u Hrvatskoj. Ovo sam osobito do\u017eivio kroz pilot-projekt Europskog jamstva za svako dijete u Me\u0111imurju u koji su uklju\u010deni brojni lokalni dionici i korisnici\u201d, istaknuo je povjerenik&nbsp;<strong>Schmit<\/strong>.<br><br>Uz informacije o mogu\u0107nostima financiranja, odr\u017eana su zanimljive panel rasprave predstavnika\/ica tijela u sustavu provedbe ESF-a, kao i razmjena iskustava ESF korisnika.<\/p>\n\n\n\n<p>Povjerenik Schmit ovom prilikom posjetio je i kampus Visokog u\u010dili\u0161ta Algebra koji je trenutno najve\u0107a privatna obrazovna organizacija u Hrvatskoj i pru\u017ea mogu\u0107nosti cjelo\u017eivotnog u\u010denja i usavr\u0161avanja u vi\u0161e od 20 gradova diljem zemlje. Osim toga, provodi klju\u010dne projekte u okviru ESF-a ukupne vrijednosti vi\u0161e od 1,35 milijuna eura.<\/p>\n\n\n\n<p>Algebra je ujedno i jedna od obrazovnih institucija koja provodi novi model financiranja obrazovanja odraslih putem vau\u010dera za nezaposlene i zaposlene osobe. Hrvatski zavod za zapo\u0161ljavanje dodijelit \u0107e najmanje 30 000 vau\u010dera za zelene i digitalne vje\u0161tine u okviru Nacionalnog plana oporavka i otpornosti za razdoblje do 2026. godine uz nastavak financiranja iz ESF+. O\u010dekuje se pru\u017eiti obrazovanje za \u010dak 75 000 korisnika do 2030. godine uz obuhvat &nbsp;vi\u0161e od 37 500 zaposlenih i nezaposlenih osoba starijih od 30 godina.<\/p>\n\n\n\n<p><strong>Promocija novog Programa<\/strong> se nastavlja te uskoro kre\u0107e i po ostalim hrvatskim gradovima prema sljede\u0107em rasporedu:&nbsp;<\/p>\n\n\n\n<p><strong>Gospi\u0107<\/strong>, 14. o\u017eujka 2023.\u00a0<br><strong>Rijeka,<\/strong>\u00a015. o\u017eujka 2023.\u00a0<br><strong>Dubrovnik,\u00a0<\/strong>22. o\u017eujka 2023.\u00a0<br><strong>\u0160ibenik,<\/strong>\u00a023. o\u017eujka 2023.\u00a0<br><strong>Vara\u017edin,\u00a0<\/strong>28. o\u017eujka 2023.\u00a0<br><strong>Karlovac,<\/strong>\u00a031. o\u017eujka 2023.\u00a0<br>\u00a0<br><strong>Po\u017eega,<\/strong>\u00a08. o\u017eujka 2023.,<em>\u00a0Dvorana Sv. Terezije\u00a0Avilske, Ulica Dragutina Lermana 1.<\/em>\u00a0<br><a href=\"https:\/\/forms.gle\/6xLkwV4sG78RrbS9A\" target=\"_blank\" rel=\"noreferrer noopener\">Prijave za sudjelovanje<\/a>\u00a0su otvorene.\u00a0<br>\u00a0<br><strong>Vinkovci<\/strong>, 9. o\u017eujka 2023.,\u00a0<em>Poduzetni\u010dki inkubator Vinkovci, Dragutina \u017dani\u0107a Karle 16.<\/em>\u202f\u00a0<br><a href=\"https:\/\/forms.gle\/yztPHhALmZFCFiwf7\" target=\"_blank\" rel=\"noreferrer noopener\">Prijave za sudjelovanje<\/a>\u00a0su otvorene.\u00a0\u00a0<br>\u00a0<br><em><strong>Napominjemo da je broj mjesta ograni\u010den, a\u00a0vi\u0161e detalja o to\u010dnom vremenu i mjestu doga\u0111anja s poveznicom za prijave za ostale gradove biti \u0107e objavljeno u narednim danima.\u00a0<\/strong><\/em>\u00a0<br><\/p>\n\n\n\n<figure class=\"wp-block-gallery columns-3 is-cropped\"><ul class=\"blocks-gallery-grid\"><li class=\"blocks-gallery-item\"><figure><a href=\"https:\/\/esf.hr\/esfplus\/wp-content\/uploads\/2023\/03\/DUH02079-scaled.jpg\" data-rel=\"photo_group-gallery-XOPoEWT7\" data-rl_title=\"\" data-rl_caption=\"\" title=\"\"><img loading=\"lazy\" width=\"716\" height=\"1024\" src=\"https:\/\/esf.hr\/esfplus\/wp-content\/uploads\/2023\/03\/DUH02079-716x1024.jpg\" alt=\"\" data-id=\"20570\" data-full-url=\"https:\/\/esf.hr\/esfplus\/wp-content\/uploads\/2023\/03\/DUH02079-scaled.jpg\" data-link=\"https:\/\/esf.hr\/esfplus\/duh02079\/\" class=\"wp-image-20570\" srcset=\"https:\/\/esf.hr\/esfplus\/wp-content\/uploads\/2023\/03\/DUH02079-716x1024.jpg 716w, https:\/\/esf.hr\/esfplus\/wp-content\/uploads\/2023\/03\/DUH02079-210x300.jpg 210w, https:\/\/esf.hr\/esfplus\/wp-content\/uploads\/2023\/03\/DUH02079-768x1099.jpg 768w, https:\/\/esf.hr\/esfplus\/wp-content\/uploads\/2023\/03\/DUH02079-1073x1536.jpg 1073w, https:\/\/esf.hr\/esfplus\/wp-content\/uploads\/2023\/03\/DUH02079-1431x2048.jpg 1431w, https:\/\/esf.hr\/esfplus\/wp-content\/uploads\/2023\/03\/DUH02079-1000x1431.jpg 1000w, https:\/\/esf.hr\/esfplus\/wp-content\/uploads\/2023\/03\/DUH02079-scaled.jpg 1789w\" sizes=\"(max-width: 716px) 100vw, 716px\" \/><\/a><\/figure><\/li><li class=\"blocks-gallery-item\"><figure><a href=\"https:\/\/esf.hr\/esfplus\/wp-content\/uploads\/2023\/03\/DUH02109-scaled.jpg\" data-rel=\"photo_group-gallery-XOPoEWT7\" data-rl_title=\"\" data-rl_caption=\"\" title=\"\"><img loading=\"lazy\" width=\"1024\" height=\"741\" src=\"https:\/\/esf.hr\/esfplus\/wp-content\/uploads\/2023\/03\/DUH02109-1024x741.jpg\" alt=\"\" data-id=\"20571\" data-full-url=\"https:\/\/esf.hr\/esfplus\/wp-content\/uploads\/2023\/03\/DUH02109-scaled.jpg\" data-link=\"https:\/\/esf.hr\/esfplus\/duh02109\/\" class=\"wp-image-20571\" srcset=\"https:\/\/esf.hr\/esfplus\/wp-content\/uploads\/2023\/03\/DUH02109-1024x741.jpg 1024w, https:\/\/esf.hr\/esfplus\/wp-content\/uploads\/2023\/03\/DUH02109-300x217.jpg 300w, https:\/\/esf.hr\/esfplus\/wp-content\/uploads\/2023\/03\/DUH02109-768x556.jpg 768w, https:\/\/esf.hr\/esfplus\/wp-content\/uploads\/2023\/03\/DUH02109-1536x1112.jpg 1536w, https:\/\/esf.hr\/esfplus\/wp-content\/uploads\/2023\/03\/DUH02109-2048x1482.jpg 2048w, https:\/\/esf.hr\/esfplus\/wp-content\/uploads\/2023\/03\/DUH02109-1000x724.jpg 1000w\" sizes=\"(max-width: 1024px) 100vw, 1024px\" \/><\/a><\/figure><\/li><li class=\"blocks-gallery-item\"><figure><a href=\"https:\/\/esf.hr\/esfplus\/wp-content\/uploads\/2023\/03\/DUH02190-scaled.jpg\" data-rel=\"photo_group-gallery-XOPoEWT7\" data-rl_title=\"\" data-rl_caption=\"\" title=\"\"><img loading=\"lazy\" width=\"1024\" height=\"894\" src=\"https:\/\/esf.hr\/esfplus\/wp-content\/uploads\/2023\/03\/DUH02190-1024x894.jpg\" alt=\"\" data-id=\"20572\" data-full-url=\"https:\/\/esf.hr\/esfplus\/wp-content\/uploads\/2023\/03\/DUH02190-scaled.jpg\" data-link=\"https:\/\/esf.hr\/esfplus\/duh02190\/\" class=\"wp-image-20572\" srcset=\"https:\/\/esf.hr\/esfplus\/wp-content\/uploads\/2023\/03\/DUH02190-1024x894.jpg 1024w, https:\/\/esf.hr\/esfplus\/wp-content\/uploads\/2023\/03\/DUH02190-300x262.jpg 300w, https:\/\/esf.hr\/esfplus\/wp-content\/uploads\/2023\/03\/DUH02190-768x671.jpg 768w, https:\/\/esf.hr\/esfplus\/wp-content\/uploads\/2023\/03\/DUH02190-1536x1341.jpg 1536w, https:\/\/esf.hr\/esfplus\/wp-content\/uploads\/2023\/03\/DUH02190-2048x1789.jpg 2048w, https:\/\/esf.hr\/esfplus\/wp-content\/uploads\/2023\/03\/DUH02190-1000x873.jpg 1000w\" sizes=\"(max-width: 1024px) 100vw, 1024px\" \/><\/a><\/figure><\/li><li class=\"blocks-gallery-item\"><figure><a href=\"https:\/\/esf.hr\/esfplus\/wp-content\/uploads\/2023\/03\/DUH02320-scaled.jpg\" data-rel=\"photo_group-gallery-XOPoEWT7\" data-rl_title=\"\" data-rl_caption=\"\" title=\"\"><img loading=\"lazy\" width=\"1024\" height=\"583\" src=\"https:\/\/esf.hr\/esfplus\/wp-content\/uploads\/2023\/03\/DUH02320-1024x583.jpg\" alt=\"\" data-id=\"20573\" data-full-url=\"https:\/\/esf.hr\/esfplus\/wp-content\/uploads\/2023\/03\/DUH02320-scaled.jpg\" data-link=\"https:\/\/esf.hr\/esfplus\/duh02320\/\" class=\"wp-image-20573\" srcset=\"https:\/\/esf.hr\/esfplus\/wp-content\/uploads\/2023\/03\/DUH02320-1024x583.jpg 1024w, https:\/\/esf.hr\/esfplus\/wp-content\/uploads\/2023\/03\/DUH02320-300x171.jpg 300w, https:\/\/esf.hr\/esfplus\/wp-content\/uploads\/2023\/03\/DUH02320-768x437.jpg 768w, https:\/\/esf.hr\/esfplus\/wp-content\/uploads\/2023\/03\/DUH02320-1536x874.jpg 1536w, https:\/\/esf.hr\/esfplus\/wp-content\/uploads\/2023\/03\/DUH02320-2048x1165.jpg 2048w, https:\/\/esf.hr\/esfplus\/wp-content\/uploads\/2023\/03\/DUH02320-1000x569.jpg 1000w\" sizes=\"(max-width: 1024px) 100vw, 1024px\" \/><\/a><\/figure><\/li><\/ul><figcaption class=\"blocks-gallery-caption\">Sudionici konferencije <strong>\u201eEuropski socijalni fond plus za razvojno desetlje\u0107e\u201c\u00a0<\/strong><\/figcaption><\/figure>\n\n\n\n<p><\/p>\n\n\n\n<figure class=\"wp-block-image size-full is-resized\"><img loading=\"lazy\" src=\"https:\/\/esf.hr\/esfplus\/wp-content\/uploads\/2023\/03\/DEN_8576.jpg\" alt=\"\" class=\"wp-image-20583\" width=\"840\" height=\"472\" srcset=\"https:\/\/esf.hr\/esfplus\/wp-content\/uploads\/2023\/03\/DEN_8576.jpg 1000w, https:\/\/esf.hr\/esfplus\/wp-content\/uploads\/2023\/03\/DEN_8576-300x169.jpg 300w, https:\/\/esf.hr\/esfplus\/wp-content\/uploads\/2023\/03\/DEN_8576-768x432.jpg 768w\" sizes=\"(max-width: 840px) 100vw, 840px\" \/><figcaption>Posjet Visokom u\u010dili\u0161tu Algebra<\/figcaption><\/figure>\n\n\n\n<p><\/p>\n","protected":false},"excerpt":{"rendered":"<p>Na konferenciji&nbsp;\u201eEuropski socijalni fond plus za razvojno desetlje\u0107e\u201c&nbsp;koju su otvorili povjerenik Europske komisije za zapo\u0161ljavanje i socijalna prava&nbsp;Nicolas Schmit&nbsp;i ministar&nbsp;Marin Pileti\u0107&nbsp;predstavljene su mogu\u0107nosti koje su Republici Hrvatskoj na raspolaganju iz Europskog socijalnog fonda plus (ESF+) za novo sedmogodi\u0161nje programsko razdoblje. Ministar Marin Pileti\u0107 uvodno je istaknuo kako je Hrvatskoj na raspolaganju 2,27 milijardi eura iz [&hellip;]<\/p>\n","protected":false},"author":1363,"featured_media":20569,"comment_status":"closed","ping_status":"closed","sticky":false,"template":"","format":"standard","meta":{"_monsterinsights_skip_tracking":false,"_monsterinsights_sitenote_active":false,"_monsterinsights_sitenote_note":"","_monsterinsights_sitenote_category":0,"cybocfi_hide_featured_image":""},"categories":[218],"tags":[],"yoast_head":"<!-- This site is optimized with the Yoast SEO plugin v16.8 - https:\/\/yoast.com\/wordpress\/plugins\/seo\/ -->\n<title>Predstavljen Europski socijalni fond plus za razdoblje 2021. \u2013 2027. - Europski socijalni fond<\/title>\n<meta name=\"robots\" content=\"index, follow, max-snippet:-1, max-image-preview:large, max-video-preview:-1\" \/>\n<link rel=\"canonical\" href=\"https:\/\/esf.hr\/esfplus\/predstavljen-europski-socijalni-fond-plus-za-razdoblje-2021-2027\/\" \/>\n<meta property=\"og:locale\" content=\"en_US\" \/>\n<meta property=\"og:type\" content=\"article\" \/>\n<meta property=\"og:title\" content=\"Predstavljen Europski socijalni fond plus za razdoblje 2021. \u2013 2027. - Europski socijalni fond\" \/>\n<meta property=\"og:description\" content=\"Na konferenciji&nbsp;\u201eEuropski socijalni fond plus za razvojno desetlje\u0107e\u201c&nbsp;koju su otvorili povjerenik Europske komisije za zapo\u0161ljavanje i socijalna prava&nbsp;Nicolas Schmit&nbsp;i ministar&nbsp;Marin Pileti\u0107&nbsp;predstavljene su mogu\u0107nosti koje su Republici Hrvatskoj na raspolaganju iz Europskog socijalnog fonda plus (ESF+) za novo sedmogodi\u0161nje programsko razdoblje. Ministar Marin Pileti\u0107 uvodno je istaknuo kako je Hrvatskoj na raspolaganju 2,27 milijardi eura iz [&hellip;]\" \/>\n<meta property=\"og:url\" content=\"https:\/\/esf.hr\/esfplus\/predstavljen-europski-socijalni-fond-plus-za-razdoblje-2021-2027\/\" \/>\n<meta property=\"og:site_name\" content=\"Europski socijalni fond\" \/>\n<meta property=\"article:published_time\" content=\"2023-03-01T07:16:31+00:00\" \/>\n<meta property=\"article:modified_time\" content=\"2023-03-01T08:18:20+00:00\" \/>\n<meta property=\"og:image\" content=\"https:\/\/esf.hr\/esfplus\/wp-content\/uploads\/2023\/03\/DUH02046-scaled.jpg\" \/>\n\t<meta property=\"og:image:width\" content=\"2560\" \/>\n\t<meta property=\"og:image:height\" content=\"1179\" \/>\n<meta name=\"twitter:label1\" content=\"Written by\" \/>\n\t<meta name=\"twitter:data1\" content=\"Pardus Admin\" \/>\n\t<meta name=\"twitter:label2\" content=\"Est. reading time\" \/>\n\t<meta name=\"twitter:data2\" content=\"3 minutes\" \/>\n<script type=\"application\/ld+json\" class=\"yoast-schema-graph\">{\"@context\":\"https:\/\/schema.org\",\"@graph\":[{\"@type\":\"WebSite\",\"@id\":\"https:\/\/esf.hr\/esfplus\/#website\",\"url\":\"https:\/\/esf.hr\/esfplus\/\",\"name\":\"Europski socijalni fond\",\"description\":\"Program U\\u010dinkoviti ljudski potencijali 2021.-2027.\",\"potentialAction\":[{\"@type\":\"SearchAction\",\"target\":{\"@type\":\"EntryPoint\",\"urlTemplate\":\"https:\/\/esf.hr\/esfplus\/?s={search_term_string}\"},\"query-input\":\"required name=search_term_string\"}],\"inLanguage\":\"en-US\"},{\"@type\":\"ImageObject\",\"@id\":\"https:\/\/esf.hr\/esfplus\/predstavljen-europski-socijalni-fond-plus-za-razdoblje-2021-2027\/#primaryimage\",\"inLanguage\":\"en-US\",\"url\":\"https:\/\/esf.hr\/esfplus\/wp-content\/uploads\/2023\/03\/DUH02046-scaled.jpg\",\"contentUrl\":\"https:\/\/esf.hr\/esfplus\/wp-content\/uploads\/2023\/03\/DUH02046-scaled.jpg\",\"width\":2560,\"height\":1179},{\"@type\":\"WebPage\",\"@id\":\"https:\/\/esf.hr\/esfplus\/predstavljen-europski-socijalni-fond-plus-za-razdoblje-2021-2027\/#webpage\",\"url\":\"https:\/\/esf.hr\/esfplus\/predstavljen-europski-socijalni-fond-plus-za-razdoblje-2021-2027\/\",\"name\":\"Predstavljen Europski socijalni fond plus za razdoblje 2021. \\u2013 2027. - Europski socijalni fond\",\"isPartOf\":{\"@id\":\"https:\/\/esf.hr\/esfplus\/#website\"},\"primaryImageOfPage\":{\"@id\":\"https:\/\/esf.hr\/esfplus\/predstavljen-europski-socijalni-fond-plus-za-razdoblje-2021-2027\/#primaryimage\"},\"datePublished\":\"2023-03-01T07:16:31+00:00\",\"dateModified\":\"2023-03-01T08:18:20+00:00\",\"author\":{\"@id\":\"https:\/\/esf.hr\/esfplus\/#\/schema\/person\/cce36cda03a3e76b0ff2bea9b7a49d40\"},\"breadcrumb\":{\"@id\":\"https:\/\/esf.hr\/esfplus\/predstavljen-europski-socijalni-fond-plus-za-razdoblje-2021-2027\/#breadcrumb\"},\"inLanguage\":\"en-US\",\"potentialAction\":[{\"@type\":\"ReadAction\",\"target\":[\"https:\/\/esf.hr\/esfplus\/predstavljen-europski-socijalni-fond-plus-za-razdoblje-2021-2027\/\"]}]},{\"@type\":\"BreadcrumbList\",\"@id\":\"https:\/\/esf.hr\/esfplus\/predstavljen-europski-socijalni-fond-plus-za-razdoblje-2021-2027\/#breadcrumb\",\"itemListElement\":[{\"@type\":\"ListItem\",\"position\":1,\"name\":\"Naslovna\",\"item\":\"https:\/\/esf.hr\/esfplus\/\"},{\"@type\":\"ListItem\",\"position\":2,\"name\":\"Predstavljen Europski socijalni fond plus za razdoblje 2021. \\u2013 2027.\"}]},{\"@type\":\"Person\",\"@id\":\"https:\/\/esf.hr\/esfplus\/#\/schema\/person\/cce36cda03a3e76b0ff2bea9b7a49d40\",\"name\":\"Pardus Admin\",\"image\":{\"@type\":\"ImageObject\",\"@id\":\"https:\/\/esf.hr\/esfplus\/#personlogo\",\"inLanguage\":\"en-US\",\"url\":\"https:\/\/secure.gravatar.com\/avatar\/35dcb5777215f39f2e39b7c063d8aad0?s=96&d=mm&r=g\",\"contentUrl\":\"https:\/\/secure.gravatar.com\/avatar\/35dcb5777215f39f2e39b7c063d8aad0?s=96&d=mm&r=g\",\"caption\":\"Pardus Admin\"},\"url\":\"https:\/\/esf.hr\/esfplus\/author\/pardus\/\"}]}<\/script>\n<!-- \/ Yoast SEO plugin. -->","yoast_head_json":{"title":"Predstavljen Europski socijalni fond plus za razdoblje 2021. \u2013 2027. - Europski socijalni fond","robots":{"index":"index","follow":"follow","max-snippet":"max-snippet:-1","max-image-preview":"max-image-preview:large","max-video-preview":"max-video-preview:-1"},"canonical":"https:\/\/esf.hr\/esfplus\/predstavljen-europski-socijalni-fond-plus-za-razdoblje-2021-2027\/","og_locale":"en_US","og_type":"article","og_title":"Predstavljen Europski socijalni fond plus za razdoblje 2021. \u2013 2027. - Europski socijalni fond","og_description":"Na konferenciji&nbsp;\u201eEuropski socijalni fond plus za razvojno desetlje\u0107e\u201c&nbsp;koju su otvorili povjerenik Europske komisije za zapo\u0161ljavanje i socijalna prava&nbsp;Nicolas Schmit&nbsp;i ministar&nbsp;Marin Pileti\u0107&nbsp;predstavljene su mogu\u0107nosti koje su Republici Hrvatskoj na raspolaganju iz Europskog socijalnog fonda plus (ESF+) za novo sedmogodi\u0161nje programsko razdoblje. Ministar Marin Pileti\u0107 uvodno je istaknuo kako je Hrvatskoj na raspolaganju 2,27 milijardi eura iz [&hellip;]","og_url":"https:\/\/esf.hr\/esfplus\/predstavljen-europski-socijalni-fond-plus-za-razdoblje-2021-2027\/","og_site_name":"Europski socijalni fond","article_published_time":"2023-03-01T07:16:31+00:00","article_modified_time":"2023-03-01T08:18:20+00:00","og_image":[{"width":2560,"height":1179,"url":"https:\/\/esf.hr\/esfplus\/wp-content\/uploads\/2023\/03\/DUH02046-scaled.jpg","path":"\/home\/esf\/public_html\/esfplus\/wp-content\/uploads\/2023\/03\/DUH02046-scaled.jpg","size":"full","id":20569,"alt":"","pixels":3018240,"type":"image\/jpeg"}],"twitter_misc":{"Written by":"Pardus Admin","Est. reading time":"3 minutes"},"schema":{"@context":"https:\/\/schema.org","@graph":[{"@type":"WebSite","@id":"https:\/\/esf.hr\/esfplus\/#website","url":"https:\/\/esf.hr\/esfplus\/","name":"Europski socijalni fond","description":"Program U\u010dinkoviti ljudski potencijali 2021.-2027.","potentialAction":[{"@type":"SearchAction","target":{"@type":"EntryPoint","urlTemplate":"https:\/\/esf.hr\/esfplus\/?s={search_term_string}"},"query-input":"required name=search_term_string"}],"inLanguage":"en-US"},{"@type":"ImageObject","@id":"https:\/\/esf.hr\/esfplus\/predstavljen-europski-socijalni-fond-plus-za-razdoblje-2021-2027\/#primaryimage","inLanguage":"en-US","url":"https:\/\/esf.hr\/esfplus\/wp-content\/uploads\/2023\/03\/DUH02046-scaled.jpg","contentUrl":"https:\/\/esf.hr\/esfplus\/wp-content\/uploads\/2023\/03\/DUH02046-scaled.jpg","width":2560,"height":1179},{"@type":"WebPage","@id":"https:\/\/esf.hr\/esfplus\/predstavljen-europski-socijalni-fond-plus-za-razdoblje-2021-2027\/#webpage","url":"https:\/\/esf.hr\/esfplus\/predstavljen-europski-socijalni-fond-plus-za-razdoblje-2021-2027\/","name":"Predstavljen Europski socijalni fond plus za razdoblje 2021. \u2013 2027. - Europski socijalni fond","isPartOf":{"@id":"https:\/\/esf.hr\/esfplus\/#website"},"primaryImageOfPage":{"@id":"https:\/\/esf.hr\/esfplus\/predstavljen-europski-socijalni-fond-plus-za-razdoblje-2021-2027\/#primaryimage"},"datePublished":"2023-03-01T07:16:31+00:00","dateModified":"2023-03-01T08:18:20+00:00","author":{"@id":"https:\/\/esf.hr\/esfplus\/#\/schema\/person\/cce36cda03a3e76b0ff2bea9b7a49d40"},"breadcrumb":{"@id":"https:\/\/esf.hr\/esfplus\/predstavljen-europski-socijalni-fond-plus-za-razdoblje-2021-2027\/#breadcrumb"},"inLanguage":"en-US","potentialAction":[{"@type":"ReadAction","target":["https:\/\/esf.hr\/esfplus\/predstavljen-europski-socijalni-fond-plus-za-razdoblje-2021-2027\/"]}]},{"@type":"BreadcrumbList","@id":"https:\/\/esf.hr\/esfplus\/predstavljen-europski-socijalni-fond-plus-za-razdoblje-2021-2027\/#breadcrumb","itemListElement":[{"@type":"ListItem","position":1,"name":"Naslovna","item":"https:\/\/esf.hr\/esfplus\/"},{"@type":"ListItem","position":2,"name":"Predstavljen Europski socijalni fond plus za razdoblje 2021. \u2013 2027."}]},{"@type":"Person","@id":"https:\/\/esf.hr\/esfplus\/#\/schema\/person\/cce36cda03a3e76b0ff2bea9b7a49d40","name":"Pardus Admin","image":{"@type":"ImageObject","@id":"https:\/\/esf.hr\/esfplus\/#personlogo","inLanguage":"en-US","url":"https:\/\/secure.gravatar.com\/avatar\/35dcb5777215f39f2e39b7c063d8aad0?s=96&d=mm&r=g","contentUrl":"https:\/\/secure.gravatar.com\/avatar\/35dcb5777215f39f2e39b7c063d8aad0?s=96&d=mm&r=g","caption":"Pardus Admin"},"url":"https:\/\/esf.hr\/esfplus\/author\/pardus\/"}]}},"_links":{"self":[{"href":"https:\/\/esf.hr\/esfplus\/wp-json\/wp\/v2\/posts\/20567"}],"collection":[{"href":"https:\/\/esf.hr\/esfplus\/wp-json\/wp\/v2\/posts"}],"about":[{"href":"https:\/\/esf.hr\/esfplus\/wp-json\/wp\/v2\/types\/post"}],"author":[{"embeddable":true,"href":"https:\/\/esf.hr\/esfplus\/wp-json\/wp\/v2\/users\/1363"}],"replies":[{"embeddable":true,"href":"https:\/\/esf.hr\/esfplus\/wp-json\/wp\/v2\/comments?post=20567"}],"version-history":[{"count":7,"href":"https:\/\/esf.hr\/esfplus\/wp-json\/wp\/v2\/posts\/20567\/revisions"}],"predecessor-version":[{"id":20588,"href":"https:\/\/esf.hr\/esfplus\/wp-json\/wp\/v2\/posts\/20567\/revisions\/20588"}],"wp:featuredmedia":[{"embeddable":true,"href":"https:\/\/esf.hr\/esfplus\/wp-json\/wp\/v2\/media\/20569"}],"wp:attachment":[{"href":"https:\/\/esf.hr\/esfplus\/wp-json\/wp\/v2\/media?parent=20567"}],"wp:term":[{"taxonomy":"category","embeddable":true,"href":"https:\/\/esf.hr\/esfplus\/wp-json\/wp\/v2\/categories?post=20567"},{"taxonomy":"post_tag","embeddable":true,"href":"https:\/\/esf.hr\/esfplus\/wp-json\/wp\/v2\/tags?post=20567"}],"curies":[{"name":"wp","href":"https:\/\/api.w.org\/{rel}","templated":true}]}}